{"id":49293,"date":"2021-03-23T10:18:24","date_gmt":"2021-03-23T13:18:24","guid":{"rendered":"https:\/\/laurbedigital.com.ar\/noticias\/?p=49293"},"modified":"2021-03-23T10:20:11","modified_gmt":"2021-03-23T13:20:11","slug":"la-provincia-de-buenos-aires-entrego-mil-ejemplares-nativos-para-campana-plantamos-memoria","status":"publish","type":"post","link":"https:\/\/laurbedigital.com.ar\/noticias\/2021\/03\/23\/la-provincia-de-buenos-aires-entrego-mil-ejemplares-nativos-para-campana-plantamos-memoria\/","title":{"rendered":"La provincia de Buenos Aires entreg\u00f3 mil ejemplares nativos para campa\u00f1a \u00abPlantamos Memoria\u00bb"},"content":{"rendered":"<p>&nbsp;<\/p>\n<h5>El gobierno de la provincia de Buenos Aires entreg\u00f3 mil ejemplares de \u00e1rboles nativos para la campa\u00f1a \u00abPlantamos Memoria\u00bb que se desarrolla en el marco del 45 aniversario del golpe de Estado de 1976, que se cumple ma\u00f1ana, se inform\u00f3 en un comunicado.<\/h5>\n<p>El director Ejecutivo del Organismo Provincial para el Desarrollo Sostenible (OPDS), Juan Brardinelli; el ministro de Justicia y Derechos Humanos, Julio Alak, y el subsecretario de Planificaci\u00f3n Ambiental y Desarrollo Sostenible, Francisco Zannini, firmaron un convenio espec\u00edfico en Jefatura de Gabinete para coordinar acciones en las actividades de la campa\u00f1a<em> \u201cPlantamos Memoria\u201d.<\/em><\/p>\n<p>Se trata de una propuesta para plantar 30.000 \u00e1rboles en todo el territorio nacional, impulsada por organismos de derechos humanos en el marco de las iniciativas por el D\u00eda Nacional de la Memoria, por la Verdad y la Justicia.<\/p>\n<p><em>\u00abCon la firme convicci\u00f3n de conmemorar a las y los 30.000 detenidos desaparecidos y detenidas desaparecidas, y de repudiar la \u00faltima dictadura c\u00edvico-militar, el OPDS dona al Ministerio de Justicia y Derechos Humanos 1000 ejemplares nativos producidos dentro del Plan Provincial Nativas Bonaerenses para que sean plantados en actividades vinculadas a la campa\u00f1a\u00bb,<\/em> se explic\u00f3.<\/p>\n<p>Participaron del acto el jefe de Gabinete, Carlos Bianco, y del secretario General, Federico Thea.<\/p>\n<p>A su vez, se plant\u00f3 en los jardines de la Casa de Gobierno un ejemplar nativo de Sen de Campo (Senna corymbosa), un arbusto que alcanza los cuatro metros de altura.<\/p>\n<p>&nbsp;<\/p>\n<p>&nbsp;<\/p>\n","protected":false},"excerpt":{"rendered":"<p>&nbsp; El gobierno de la provincia de Buenos Aires entreg\u00f3 mil ejemplares de \u00e1rboles nativos para la campa\u00f1a \u00abPlantamos Memoria\u00bb<\/p>\n","protected":false},"author":1,"featured_media":49294,"comment_status":"closed","ping_status":"closed","sticky":false,"template":"","format":"standard","meta":{"kia_subtitle":"","footnotes":"","jetpack_publicize_message":"","jetpack_publicize_feature_enabled":true,"jetpack_social_post_already_shared":true,"jetpack_social_options":{"image_generator_settings":{"template":"highway","default_image_id":0,"font":"","enabled":false},"version":2}},"categories":[3,56],"tags":[],"class_list":["post-49293","post","type-post","status-publish","format-standard","has-post-thumbnail","hentry","category-actualidad","category-buenos-aires"],"jetpack_publicize_connections":[],"jetpack_featured_media_url":"https:\/\/laurbedigital.com.ar\/noticias\/wp-content\/uploads\/2021\/03\/20210322-Memoria.jpg","_links":{"self":[{"href":"https:\/\/laurbedigital.com.ar\/noticias\/wp-json\/wp\/v2\/posts\/49293","targetHints":{"allow":["GET"]}}],"collection":[{"href":"https:\/\/laurbedigital.com.ar\/noticias\/wp-json\/wp\/v2\/posts"}],"about":[{"href":"https:\/\/laurbedigital.com.ar\/noticias\/wp-json\/wp\/v2\/types\/post"}],"author":[{"embeddable":true,"href":"https:\/\/laurbedigital.com.ar\/noticias\/wp-json\/wp\/v2\/users\/1"}],"replies":[{"embeddable":true,"href":"https:\/\/laurbedigital.com.ar\/noticias\/wp-json\/wp\/v2\/comments?post=49293"}],"version-history":[{"count":3,"href":"https:\/\/laurbedigital.com.ar\/noticias\/wp-json\/wp\/v2\/posts\/49293\/revisions"}],"predecessor-version":[{"id":49296,"href":"https:\/\/laurbedigital.com.ar\/noticias\/wp-json\/wp\/v2\/posts\/49293\/revisions\/49296"}],"wp:featuredmedia":[{"embeddable":true,"href":"https:\/\/laurbedigital.com.ar\/noticias\/wp-json\/wp\/v2\/media\/49294"}],"wp:attachment":[{"href":"https:\/\/laurbedigital.com.ar\/noticias\/wp-json\/wp\/v2\/media?parent=49293"}],"wp:term":[{"taxonomy":"category","embeddable":true,"href":"https:\/\/laurbedigital.com.ar\/noticias\/wp-json\/wp\/v2\/categories?post=49293"},{"taxonomy":"post_tag","embeddable":true,"href":"https:\/\/laurbedigital.com.ar\/noticias\/wp-json\/wp\/v2\/tags?post=49293"}],"curies":[{"name":"wp","href":"https:\/\/api.w.org\/{rel}","templated":true}]}}