{"id":49217,"date":"2021-03-22T20:01:48","date_gmt":"2021-03-22T23:01:48","guid":{"rendered":"https:\/\/laurbedigital.com.ar\/noticias\/?p=49217"},"modified":"2021-03-22T20:01:48","modified_gmt":"2021-03-22T23:01:48","slug":"el-gobierno-reforzara-las-fronteras-y-aumentara-el-control-sobre-la-cuarentena","status":"publish","type":"post","link":"https:\/\/laurbedigital.com.ar\/noticias\/2021\/03\/22\/el-gobierno-reforzara-las-fronteras-y-aumentara-el-control-sobre-la-cuarentena\/","title":{"rendered":"El Gobierno reforzar\u00e1 las fronteras y aumentar\u00e1 el control sobre la cuarentena"},"content":{"rendered":"<p>&nbsp;<\/p>\n<h5>Con el objetivo de evitar un rebrote de casos de coronavirus y contener el ingreso de nuevas cepas, m\u00e1s contagiosas y letales, el Gobierno reforzar\u00e1 los controles en la frontera y encomend\u00f3 a las provincias a que intensifiquen las medidas para garantizar el cumplimiento de la cuarentena de los argentinos que regresan al pa\u00eds.<\/h5>\n<p>As\u00ed se acord\u00f3 en una cumbre que mantuvieron ministros nacionales y autoridades de Interior, Salud, Transporte y Seguridad, con los gobernadores de provincias con pasos fronterizos para evaluar la situaci\u00f3n del tr\u00e1nsito internacional y analizar eventuales medidas de seguridad sanitarias a adoptar por parte de la Casa Rosada.<\/p>\n<p>Los funcionarios decidieron reforzar con fuerzas de Seguridad de las fronteras para evitar el transito no habilitado, y en especial se pondr\u00e1 atenci\u00f3n por la situaci\u00f3n epidemiol\u00f3gica en las fronteras con Brasil, Paraguay y Bolivia. En ese sentido, tambi\u00e9n se eval\u00faan m\u00e1s medidas para controlar el transporte de carga.<\/p>\n<p>Adem\u00e1s, se evalu\u00f3 la posibilidad de trazar \u201cCorredores Seguros\u201d para el reingreso de argentinos provenientes del exterior. De todos modos, se dej\u00f3 en claro que el 70% de los argentinos que vuelven al pa\u00eds residen en la Ciudad y en la provincia de Buenos Aires, por lo que ser\u00e1n esos dos distritos los que principalmente deber\u00e1n evaluar acciones.<\/p>\n<p>Respecto al control de las cuarentenas, un tema sobre el que el Gobierno insisti\u00f3 durante todo el verano, el ministro del Interior, Wado De Pedro\u00a0record\u00f3 que\u00a0Migraciones puso\u00a0a disposici\u00f3n de los distritos el tablero online\u00a0para garantizar\u00a0el cumplimiento del aislamiento obligatorio. Los mandatarios se comprometieron a intensificar los llamados y visitas a\u00a0los domicilios.<\/p>\n<p>Adem\u00e1s, se destac\u00f3 que m\u00e1s all\u00e1 de la exigencia del PCR negativo, la \u00fanica manera segura 100% sigue siendo \u201ccumplir con los 7 d\u00edas de aislamiento despu\u00e9s de viajar al exterior\u201d.<\/p>\n<p>Respecto a los vuelos, Transporte, a cargo de Mario Meoni, inform\u00f3 que est\u00e1 realizando \u201cun ordenamiento de vuelos\u201d para garantizar el regreso de todos los argentinos (calculan alrededor de 100 mil argentinos haciendo turismo, luego de la reducci\u00f3n de frecuencias. Aunque en Casa Rosada no descartan medidas m\u00e1s duras.<\/p>\n<p>En representaci\u00f3n de las provincias estuvieron los gobernadores Gerardo Morales de (Jujuy), Gustavo S\u00e1enz (Salta), Oscar Herrera Ahuad (Misiones), Gustavo Vald\u00e9s (Corrientes), Rodolfo Su\u00e1rez (Mendoza), Ricardo Quintela (La Rioja), Arabela Carreras (R\u00edo Negro), Omar Guti\u00e9rrez (Neuqu\u00e9n), Alicia Kirchner (Santa Cruz) y Ra\u00fal Jalil (Catamarca). (DIB)<\/p>\n<p>&nbsp;<\/p>\n<p>&nbsp;<\/p>\n","protected":false},"excerpt":{"rendered":"<p>&nbsp; Con el objetivo de evitar un rebrote de casos de coronavirus y contener el ingreso de nuevas cepas, m\u00e1s<\/p>\n","protected":false},"author":1,"featured_media":49218,"comment_status":"closed","ping_status":"closed","sticky":false,"template":"","format":"standard","meta":{"kia_subtitle":"","footnotes":"","jetpack_publicize_message":"","jetpack_publicize_feature_enabled":true,"jetpack_social_post_already_shared":true,"jetpack_social_options":{"image_generator_settings":{"template":"highway","default_image_id":0,"font":"","enabled":false},"version":2}},"categories":[3,41],"tags":[],"class_list":["post-49217","post","type-post","status-publish","format-standard","has-post-thumbnail","hentry","category-actualidad","category-nacionales"],"jetpack_publicize_connections":[],"jetpack_featured_media_url":"https:\/\/laurbedigital.com.ar\/noticias\/wp-content\/uploads\/2021\/03\/20210322-Frontera.jpg","_links":{"self":[{"href":"https:\/\/laurbedigital.com.ar\/noticias\/wp-json\/wp\/v2\/posts\/49217","targetHints":{"allow":["GET"]}}],"collection":[{"href":"https:\/\/laurbedigital.com.ar\/noticias\/wp-json\/wp\/v2\/posts"}],"about":[{"href":"https:\/\/laurbedigital.com.ar\/noticias\/wp-json\/wp\/v2\/types\/post"}],"author":[{"embeddable":true,"href":"https:\/\/laurbedigital.com.ar\/noticias\/wp-json\/wp\/v2\/users\/1"}],"replies":[{"embeddable":true,"href":"https:\/\/laurbedigital.com.ar\/noticias\/wp-json\/wp\/v2\/comments?post=49217"}],"version-history":[{"count":2,"href":"https:\/\/laurbedigital.com.ar\/noticias\/wp-json\/wp\/v2\/posts\/49217\/revisions"}],"predecessor-version":[{"id":49220,"href":"https:\/\/laurbedigital.com.ar\/noticias\/wp-json\/wp\/v2\/posts\/49217\/revisions\/49220"}],"wp:featuredmedia":[{"embeddable":true,"href":"https:\/\/laurbedigital.com.ar\/noticias\/wp-json\/wp\/v2\/media\/49218"}],"wp:attachment":[{"href":"https:\/\/laurbedigital.com.ar\/noticias\/wp-json\/wp\/v2\/media?parent=49217"}],"wp:term":[{"taxonomy":"category","embeddable":true,"href":"https:\/\/laurbedigital.com.ar\/noticias\/wp-json\/wp\/v2\/categories?post=49217"},{"taxonomy":"post_tag","embeddable":true,"href":"https:\/\/laurbedigital.com.ar\/noticias\/wp-json\/wp\/v2\/tags?post=49217"}],"curies":[{"name":"wp","href":"https:\/\/api.w.org\/{rel}","templated":true}]}}