{"id":48994,"date":"2021-03-18T01:54:47","date_gmt":"2021-03-18T04:54:47","guid":{"rendered":"https:\/\/laurbedigital.com.ar\/noticias\/?p=48994"},"modified":"2021-03-18T01:54:47","modified_gmt":"2021-03-18T04:54:47","slug":"coronavirus-salud-pide-prohibir-los-viajes-de-egresados","status":"publish","type":"post","link":"https:\/\/laurbedigital.com.ar\/noticias\/2021\/03\/18\/coronavirus-salud-pide-prohibir-los-viajes-de-egresados\/","title":{"rendered":"Coronavirus: Salud pide prohibir los viajes de egresados"},"content":{"rendered":"<p>&nbsp;<\/p>\n<h5>As\u00ed lo solicit\u00f3 el Ministerio de Salud, luego de la llegada de vuelos con una gran cantidad de pasajeros egresados contagiados con coronavirus.<\/h5>\n<p>A ra\u00edz del arribo de vuelos con una importante cantidad de pasajeros contagiados y ante la llegada de la segunda ola de\u00a0<em><strong>coronavirus<\/strong><\/em>, el\u00a0Ministerio de Salud\u00a0de la Naci\u00f3n asegur\u00f3 este mi\u00e9rcoles que<strong>\u00a0es necesario prohibir los viajes de egresados, ya que son una actividad de <em>\u00abalto riesgo epidemiol\u00f3gico\u00bb.<\/em><\/p>\n<p><\/strong><em>\u00abLos viajes de egresados son actividades de alto riesgo epidemiol\u00f3gico.\u00a0Entendemos que son una actividad econ\u00f3mica y que son importantes para el turismo, pero la postura de Salud es clara y es que en este contexto no se deben realizar\u00bb,<\/em>\u00a0detall\u00f3 ante NA Arnaldo Medina, secretario de Calidad en Salud del Ministerio de Salud de la Naci\u00f3n.<\/p>\n<p><span id=\"saysCMSEmphasisd4oguun5m0k\" class=\"saysCMSEmphasis\">Si bien las medidas restrictivas deben ser coordinadas y no solo tomadas por Salud, en el Ministerio que lidera\u00a0Carla Vizzotti destacan el alto riesgo que significan los vuelos provenientes de pa\u00edses como Brasil, donde se desarrollaron nuevas cepas de coronavirus que tienen un mayor grado de contagiosidad.<\/span><\/p>\n<p><em>\u00abEn Manaos, Brasil, despu\u00e9s de la primera ola de coronavirus hab\u00eda pr\u00e1cticamente inmunidad de reba\u00f1o. Pero la cepa Manaos mostr\u00f3 que tiene un alto grado de reinfecci\u00f3n\u00bb<\/em>, indic\u00f3 Medina.<\/p>\n<p>En tanto, fuentes del Ministerio del Interior subrayaron que\u00a0<strong>las fronteras con Brasil y otros pa\u00edses similares est\u00e1n <em>\u00abpr\u00e1cticamente cerradas\u00bb,<\/em><\/strong>\u00a0ya que no se admiten a turistas de esos lugares, mientras que las fronteras terrestres siguen bloqueadas, por lo que el movimiento de personas se da solo por turistas argentinos que viajan y luego regresan.<\/p>\n<p><em><span id=\"embed6554ytjvrpc_wrap\" class=\"embed_cont type_highlight inlinehighlight\"><span id=\"embed6554ytjvrpc_opts\" class=\"embed_options highlight inlinehighlight\">En este contexto de pandemia, nuestra recomendaci\u00f3n es que solamente se realicen viajes por necesidad o urgencia y no por turismo. Nosotros desaconsejamos totalmente viajar.<span id=\"embed6554ytjvrpc_colapse\" class=\"embed_colapse inlinehighlight less\"><\/span><\/span>\u00a0<span id=\"embed6554ytjvrpc_content\" class=\"embed_content inlinehighlight\">En este contexto de pandemia, nuestra recomendaci\u00f3n es que solamente se realicen viajes por necesidad o urgencia y no por turismo. Nosotros desaconsejamos totalmente viajar.<\/span><\/span><\/em><\/p>\n<p>El s\u00e1bado \u00faltimo, arrib\u00f3 al pa\u00eds un vuelo proveniente de Canc\u00fan, M\u00e9xico, con<strong>\u00a044 j\u00f3venes que hab\u00edan estado de viaje de egresados y dieron positivo en el test de COVID-19.<\/p>\n<p><\/strong>En ese momento, el Ministerio de Salud emiti\u00f3 un comunicado en el que desalent\u00f3 los viajes al exterior ante el riesgo de trasmisi\u00f3n en la Argentina de las nuevas variantes del virus SARS-CoV-2 que circulan a nivel internacional.<\/p>\n<p>&nbsp;<\/p>\n<p>&nbsp;<\/p>\n","protected":false},"excerpt":{"rendered":"<p>&nbsp; As\u00ed lo solicit\u00f3 el Ministerio de Salud, luego de la llegada de vuelos con una gran cantidad de pasajeros<\/p>\n","protected":false},"author":1,"featured_media":48995,"comment_status":"closed","ping_status":"closed","sticky":false,"template":"","format":"standard","meta":{"kia_subtitle":"","footnotes":"","jetpack_publicize_message":"","jetpack_publicize_feature_enabled":true,"jetpack_social_post_already_shared":true,"jetpack_social_options":{"image_generator_settings":{"template":"highway","default_image_id":0,"font":"","enabled":false},"version":2}},"categories":[3],"tags":[],"class_list":["post-48994","post","type-post","status-publish","format-standard","has-post-thumbnail","hentry","category-actualidad"],"jetpack_publicize_connections":[],"jetpack_featured_media_url":"https:\/\/laurbedigital.com.ar\/noticias\/wp-content\/uploads\/2021\/03\/20210317-egresados.jpg","_links":{"self":[{"href":"https:\/\/laurbedigital.com.ar\/noticias\/wp-json\/wp\/v2\/posts\/48994","targetHints":{"allow":["GET"]}}],"collection":[{"href":"https:\/\/laurbedigital.com.ar\/noticias\/wp-json\/wp\/v2\/posts"}],"about":[{"href":"https:\/\/laurbedigital.com.ar\/noticias\/wp-json\/wp\/v2\/types\/post"}],"author":[{"embeddable":true,"href":"https:\/\/laurbedigital.com.ar\/noticias\/wp-json\/wp\/v2\/users\/1"}],"replies":[{"embeddable":true,"href":"https:\/\/laurbedigital.com.ar\/noticias\/wp-json\/wp\/v2\/comments?post=48994"}],"version-history":[{"count":2,"href":"https:\/\/laurbedigital.com.ar\/noticias\/wp-json\/wp\/v2\/posts\/48994\/revisions"}],"predecessor-version":[{"id":48997,"href":"https:\/\/laurbedigital.com.ar\/noticias\/wp-json\/wp\/v2\/posts\/48994\/revisions\/48997"}],"wp:featuredmedia":[{"embeddable":true,"href":"https:\/\/laurbedigital.com.ar\/noticias\/wp-json\/wp\/v2\/media\/48995"}],"wp:attachment":[{"href":"https:\/\/laurbedigital.com.ar\/noticias\/wp-json\/wp\/v2\/media?parent=48994"}],"wp:term":[{"taxonomy":"category","embeddable":true,"href":"https:\/\/laurbedigital.com.ar\/noticias\/wp-json\/wp\/v2\/categories?post=48994"},{"taxonomy":"post_tag","embeddable":true,"href":"https:\/\/laurbedigital.com.ar\/noticias\/wp-json\/wp\/v2\/tags?post=48994"}],"curies":[{"name":"wp","href":"https:\/\/api.w.org\/{rel}","templated":true}]}}