{"id":48564,"date":"2021-03-11T10:17:48","date_gmt":"2021-03-11T13:17:48","guid":{"rendered":"https:\/\/laurbedigital.com.ar\/noticias\/?p=48564"},"modified":"2021-03-11T10:17:48","modified_gmt":"2021-03-11T13:17:48","slug":"progresar-el-gobierno-anuncio-que-aumentara-el-monto-de-las-becas","status":"publish","type":"post","link":"https:\/\/laurbedigital.com.ar\/noticias\/2021\/03\/11\/progresar-el-gobierno-anuncio-que-aumentara-el-monto-de-las-becas\/","title":{"rendered":"Progresar: el Gobierno anunci\u00f3 que aumentar\u00e1 el monto de las becas"},"content":{"rendered":"<p>&nbsp;<\/p>\n<h5>El presidente Alberto Fern\u00e1ndez decidi\u00f3 este mi\u00e9rcoles invertir 27.000 millones de pesos en el programa Becas Progresar 2021. Los detalles.<\/h5>\n<p>El Gobierno del presidente Alberto Fern\u00e1ndez decidi\u00f3 este mi\u00e9rcoles invertir 27.000 millones de pesos en el programa Becas Progresar 2021, por lo que\u00a0<strong>se producir\u00e1 un incremento en los montos que reciben 750 mil estudiantes que van desde el 40 hasta m\u00e1s del 163 por ciento, en tanto que se adicionar\u00e1n dos cuotas, alcanzando as\u00ed 12 pagos en el a\u00f1o.<\/strong><\/p>\n<p>En ese marco, el jefe de Estado recibi\u00f3 en su despacho de la Casa Rosada al\u00a0<strong>ministro de Educaci\u00f3n, Nicol\u00e1s Trotta, y a la directora ejecutiva de la Anses, Fernanda Raverta.<\/strong><\/p>\n<p>Luego, ambos ofrecieron detalles del programa Becas Progresar 2021 en una conferencia de prensa.<\/p>\n<p>El plan de asistencia financiera busca acompa\u00f1ar a 750 mil j\u00f3venes en esta primera etapa para que cuando terminen sus estudios primarios o secundarios contin\u00faen en la educaci\u00f3n superior o se formen profesionalmente.<\/p>\n<p><em>\u00ab<strong>En 2021 se adicionan dos cuotas m\u00e1s a todas las l\u00edneas de Progresar, alcanzando 12 pagos por a\u00f1o. Las becas de educaci\u00f3n obligatoria se incrementar\u00e1n un 106% y los cursos de formaci\u00f3n profesional alcanzar\u00e1n un 147%<\/strong>\u00ab,<\/em> indic\u00f3 Trotta.<\/p>\n<p>Adem\u00e1s, detall\u00f3 que, por ejemplo,\u00a0<em><strong>\u00ablas carreras estrat\u00e9gicas para los niveles terciario y universitario aumentar\u00e1n un 68%\u00bb.<\/strong><\/em><\/p>\n<p>Por su parte, Raverta indic\u00f3 que<em><strong>\u00a0\u00abes una decisi\u00f3n pol\u00edtica del Gobierno nacional acompa\u00f1ar a los chicos en todos sus trayectos vitales\u00bb<\/strong>,<\/em> en este caso en la educaci\u00f3n.<\/p>\n<p><em>\u00abLo que queremos hacer es acompa\u00f1ar a quienes hayan decidido estudiar, darle continuidad a su trayecto vital\u00bb, afirm\u00f3 Raverta, y agreg\u00f3 que es \u00abcompromiso y obligaci\u00f3n del Estado acompa\u00f1ar\u00bb<\/em> a los estudiantes que lo necesiten.<\/p>\n<p><strong>Sobre las Becas Progresar<\/strong><\/p>\n<p>El programa dependiente del Ministerio de Educaci\u00f3n, fue creado en 2014 con la finalidad de\u00a0<strong>garantizar la igualdad de oportunidades en el \u00e1mbito educativo para que los alumnos puedan darle continuidad a sus estudios.<\/strong><\/p>\n<p>Busca fortalecer el ingreso, la permanencia y el egreso de los estudiantes, promover a la finalizaci\u00f3n de la educaci\u00f3n obligatoria y fomentar la educaci\u00f3n superior y los cursos de formaci\u00f3n profesional.<\/p>\n<p>Para eso,<strong>\u00a0se otorga una ayuda econ\u00f3mica, que guarda relaci\u00f3n con la instancia educativa en que se encuentren, y acompa\u00f1amiento sociopedag\u00f3gico para quienes cumplan determinados requisitos seg\u00fan el nivel.<\/strong><\/p>\n<p>Progresar cuenta con cuatro l\u00edneas de becas: Progresar Superior, para estudiantes terciarios y universitarios; Progresar Obligatorio, para la finalizaci\u00f3n de la escuela primaria y secundaria; Progresar Enfermer\u00eda y Progresar Trabajo, para cursos de formaci\u00f3n profesional.<\/p>\n<p>&nbsp;<\/p>\n<p>&nbsp;<\/p>\n","protected":false},"excerpt":{"rendered":"<p>&nbsp; El presidente Alberto Fern\u00e1ndez decidi\u00f3 este mi\u00e9rcoles invertir 27.000 millones de pesos en el programa Becas Progresar 2021. Los<\/p>\n","protected":false},"author":1,"featured_media":48565,"comment_status":"closed","ping_status":"closed","sticky":false,"template":"","format":"standard","meta":{"kia_subtitle":"","footnotes":"","jetpack_publicize_message":"","jetpack_publicize_feature_enabled":true,"jetpack_social_post_already_shared":true,"jetpack_social_options":{"image_generator_settings":{"template":"highway","default_image_id":0,"font":"","enabled":false},"version":2}},"categories":[3,41],"tags":[],"class_list":["post-48564","post","type-post","status-publish","format-standard","has-post-thumbnail","hentry","category-actualidad","category-nacionales"],"jetpack_publicize_connections":[],"jetpack_featured_media_url":"https:\/\/laurbedigital.com.ar\/noticias\/wp-content\/uploads\/2021\/03\/20210310-Progresar.jpg","_links":{"self":[{"href":"https:\/\/laurbedigital.com.ar\/noticias\/wp-json\/wp\/v2\/posts\/48564","targetHints":{"allow":["GET"]}}],"collection":[{"href":"https:\/\/laurbedigital.com.ar\/noticias\/wp-json\/wp\/v2\/posts"}],"about":[{"href":"https:\/\/laurbedigital.com.ar\/noticias\/wp-json\/wp\/v2\/types\/post"}],"author":[{"embeddable":true,"href":"https:\/\/laurbedigital.com.ar\/noticias\/wp-json\/wp\/v2\/users\/1"}],"replies":[{"embeddable":true,"href":"https:\/\/laurbedigital.com.ar\/noticias\/wp-json\/wp\/v2\/comments?post=48564"}],"version-history":[{"count":2,"href":"https:\/\/laurbedigital.com.ar\/noticias\/wp-json\/wp\/v2\/posts\/48564\/revisions"}],"predecessor-version":[{"id":48567,"href":"https:\/\/laurbedigital.com.ar\/noticias\/wp-json\/wp\/v2\/posts\/48564\/revisions\/48567"}],"wp:featuredmedia":[{"embeddable":true,"href":"https:\/\/laurbedigital.com.ar\/noticias\/wp-json\/wp\/v2\/media\/48565"}],"wp:attachment":[{"href":"https:\/\/laurbedigital.com.ar\/noticias\/wp-json\/wp\/v2\/media?parent=48564"}],"wp:term":[{"taxonomy":"category","embeddable":true,"href":"https:\/\/laurbedigital.com.ar\/noticias\/wp-json\/wp\/v2\/categories?post=48564"},{"taxonomy":"post_tag","embeddable":true,"href":"https:\/\/laurbedigital.com.ar\/noticias\/wp-json\/wp\/v2\/tags?post=48564"}],"curies":[{"name":"wp","href":"https:\/\/api.w.org\/{rel}","templated":true}]}}