{"id":47973,"date":"2021-03-02T11:20:17","date_gmt":"2021-03-02T14:20:17","guid":{"rendered":"https:\/\/laurbedigital.com.ar\/noticias\/?p=47973"},"modified":"2021-03-02T11:20:17","modified_gmt":"2021-03-02T14:20:17","slug":"cafiero-todavia-seguimos-lidiando-con-una-pandemia-y-una-deuda-monstruosa-que-nos-dejo-macri","status":"publish","type":"post","link":"https:\/\/laurbedigital.com.ar\/noticias\/2021\/03\/02\/cafiero-todavia-seguimos-lidiando-con-una-pandemia-y-una-deuda-monstruosa-que-nos-dejo-macri\/","title":{"rendered":"Cafiero: \u00abTodav\u00eda seguimos lidiando con una pandemia y una deuda monstruosa que nos dej\u00f3 Macri\u00bb"},"content":{"rendered":"<p>&nbsp;<\/p>\n<h5>\u00abLos argentinos tenemos que entender cu\u00e1l es la gravedad de la situaci\u00f3n del pa\u00eds porque todav\u00eda seguimos lidiando con una pandemia y una deuda monstruosa que nos dej\u00f3 el expresidente (Mauricio) Macri\u00bb, afirm\u00f3 el jefe de Gabinete al destacar el discurso del Presidente en la apaertura de las sesiones ordinarias.<\/h5>\n<p>El jefe de Gabinete, Santiago Cafiero, se\u00f1al\u00f3 este martes que<em> \u00ablos argentinos tenemos que entender que todav\u00eda seguimos lidiando con una pandemia y una deuda monstruosa que nos dej\u00f3 (Mauricio) Macri\u00bb,<\/em> tras destacar el discurso del presidente Alberto Fern\u00e1ndez de este lunes en la apertura del 139\u00b0 per\u00edodo de sesiones ordinarias del Parlamento nacional.<\/p>\n<div class=\"wrapper-editable-content\">\n<div class=\"editable-content clearfix\"><em>\u00abLos argentinos tenemos que entender cu\u00e1l es la gravedad de la situaci\u00f3n del pa\u00eds porque todav\u00eda seguimos lidiando con una pandemia y una deuda monstruosa que nos dej\u00f3 el expresidente (Mauricio) Macri\u00bb,<\/em> afirm\u00f3 Cafiero, quien remarc\u00f3:<em> \u00abMacri nos dej\u00f3 una deuda inmensa, que es un cepo al desarrollo econ\u00f3mico del pa\u00eds\u00bb.<\/em><\/p>\n<p>Adem\u00e1s, el jefe de Gabinete se\u00f1al\u00f3, en declaraciones a Radio 10, que el problema de fondo del pa\u00eds<em> \u00abes la fuga de 45.000 millones de d\u00f3lares\u00bb<\/em> que se produjo<em> \u00abdurante el gobierno anterior\u00bb. \u00abEso lo vamos a tener que pagar entre todos\u00bb,<\/em> advirti\u00f3.<\/p>\n<p>Respecto a la querella contra la administraci\u00f3n de Mauricio Macri para que se investigue la \u00faltima toma de deuda con el Fondo Monetario Internacional (FMI), que anunci\u00f3 ayer el Presidente en la Asamblea Legislativa, Cafiero manifest\u00f3: <em>\u00ab<strong>En primer lugar, lo que se hizo fue un estudio del Banco Central que termin\u00f3 registrando que, a partir del acuerdo con el Fondo en mayo de 2018 y hasta diciembre de 2019, hubo una fuga de capitales de 45 mil millones de d\u00f3lares, lo mismo que lo que vino del Fondo\u00bb.<\/p>\n<p><\/strong><\/em><em><strong><mark style=\"background: #ff0 !Important;\">\u00abSin poner excusas, el Presidente puso blanco sobre negro y cont\u00f3 c\u00f3mo tuvimos que enfrentar la crisis m\u00e1s importante que est\u00e1 viviendo el mundo, y tambi\u00e9n la Argentina, en estos tiempos\u00bb<\/mark><\/strong><\/em><em><strong><br \/>\n<\/strong><\/em><em><br \/>\n\u00abEste detalle es sustancial para avanzar con la investigaci\u00f3n sobre lo que ha sucedido con ese endeudamiento\u00bb,<\/em> remarc\u00f3.<\/p>\n<p>Asimismo, destac\u00f3 que, en esa investigaci\u00f3n, <em>\u00abson m\u00faltiples organismos que pueden intervenir\u00bb, y detall\u00f3 que para la recopilaci\u00f3n de documental en la que se basar\u00e1 la querella \u00abest\u00e1 la Sindicatura General de la Naci\u00f3n (Sigen) involucrada y, llegado el caso, puede intervenir la Oficina Anticorrupci\u00f3n. Es decir, este es un inicio de una investigaci\u00f3n\u00bb<\/em>, precis\u00f3.<\/p>\n<p>Sobre el discurso de Fern\u00e1ndez en el Congreso, Cafiero consider\u00f3: <em>\u00abLo primero que el Presidente hizo fue contar lo que pudimos hacer como pa\u00eds en un a\u00f1o muy duro, muy dif\u00edcil, en un contexto complejo porque venimos de una doble crisis: la crisis econ\u00f3mica que deja el macrismo, con un impacto en el aumento de la pobreza superior al que despu\u00e9s tuvimos en el marco de la pandemia\u00bb.<\/em><\/p>\n<p><em>\u00abSin poner excusas, el Presidente puso blanco sobre negro y cont\u00f3 c\u00f3mo tuvimos que enfrentar la crisis m\u00e1s importante que est\u00e1 viviendo el mundo, y tambi\u00e9n la Argentina, en estos tiempos\u00bb,<\/em> insisti\u00f3 el jefe de Gabinete, quien tambi\u00e9n resalt\u00f3 que el mandatario <em>\u00abfij\u00f3 cuales ser\u00e1n las prioridades de gesti\u00f3n\u00bb p<\/em>ara el a\u00f1o de la administraci\u00f3n.<\/p>\n<p>En esa l\u00ednea, Cafiero mencion\u00f3 que\u00a0<em><strong>\u00aben el centro -de los objetivos oficiales- obviamente est\u00e1 la cuesti\u00f3n sanitaria, y la econ\u00f3mica, ya que se debe recuperar la actividad, y tambi\u00e9n transformaciones que tienen que ver con mejorar la calidad institucional en nuestro pa\u00eds\u00bb.<\/strong><\/em><\/p>\n<p>El jefe de Gabinete tambi\u00e9n opin\u00f3 sobre la reacci\u00f3n de la dirigencia opositora tras el discurso, que cuestion\u00f3 sobre todo las iniciativas en materia judicial como la creaci\u00f3n de un Tribunal Federal de Garant\u00edas o el pedido de que se aprueben en Diputados la reforma del Fuero Federal y los requisitos y el procedimiento para la designaci\u00f3n del titular del Ministerio P\u00fablico Fiscal.<\/p>\n<p><em>\u00abEs llamativo que la oposici\u00f3n se enoje porque el Presidente convoque a la discusi\u00f3n pol\u00edtica y a contrastar proyectos. El Presidente jam\u00e1s anul\u00f3 el debate y, sin embargo, algunos diputados de la oposici\u00f3n se enojaron\u00bb,<\/em> replic\u00f3 Cafiero.<\/p>\n<div class=\"btn_externos\"><\/div>\n<\/div>\n<\/div>\n<div class=\"wrapper-tags\">\n<div class=\"tags-bar clearfix\"><\/div>\n<\/div>\n","protected":false},"excerpt":{"rendered":"<p>&nbsp; \u00abLos argentinos tenemos que entender cu\u00e1l es la gravedad de la situaci\u00f3n del pa\u00eds porque todav\u00eda seguimos lidiando con<\/p>\n","protected":false},"author":1,"featured_media":47974,"comment_status":"closed","ping_status":"closed","sticky":false,"template":"","format":"standard","meta":{"kia_subtitle":"","footnotes":"","jetpack_publicize_message":"","jetpack_publicize_feature_enabled":true,"jetpack_social_post_already_shared":true,"jetpack_social_options":{"image_generator_settings":{"template":"highway","default_image_id":0,"font":"","enabled":false},"version":2}},"categories":[3,41],"tags":[],"class_list":["post-47973","post","type-post","status-publish","format-standard","has-post-thumbnail","hentry","category-actualidad","category-nacionales"],"jetpack_publicize_connections":[],"jetpack_featured_media_url":"https:\/\/laurbedigital.com.ar\/noticias\/wp-content\/uploads\/2021\/03\/20210302-Cafiero.jpg","_links":{"self":[{"href":"https:\/\/laurbedigital.com.ar\/noticias\/wp-json\/wp\/v2\/posts\/47973","targetHints":{"allow":["GET"]}}],"collection":[{"href":"https:\/\/laurbedigital.com.ar\/noticias\/wp-json\/wp\/v2\/posts"}],"about":[{"href":"https:\/\/laurbedigital.com.ar\/noticias\/wp-json\/wp\/v2\/types\/post"}],"author":[{"embeddable":true,"href":"https:\/\/laurbedigital.com.ar\/noticias\/wp-json\/wp\/v2\/users\/1"}],"replies":[{"embeddable":true,"href":"https:\/\/laurbedigital.com.ar\/noticias\/wp-json\/wp\/v2\/comments?post=47973"}],"version-history":[{"count":2,"href":"https:\/\/laurbedigital.com.ar\/noticias\/wp-json\/wp\/v2\/posts\/47973\/revisions"}],"predecessor-version":[{"id":47976,"href":"https:\/\/laurbedigital.com.ar\/noticias\/wp-json\/wp\/v2\/posts\/47973\/revisions\/47976"}],"wp:featuredmedia":[{"embeddable":true,"href":"https:\/\/laurbedigital.com.ar\/noticias\/wp-json\/wp\/v2\/media\/47974"}],"wp:attachment":[{"href":"https:\/\/laurbedigital.com.ar\/noticias\/wp-json\/wp\/v2\/media?parent=47973"}],"wp:term":[{"taxonomy":"category","embeddable":true,"href":"https:\/\/laurbedigital.com.ar\/noticias\/wp-json\/wp\/v2\/categories?post=47973"},{"taxonomy":"post_tag","embeddable":true,"href":"https:\/\/laurbedigital.com.ar\/noticias\/wp-json\/wp\/v2\/tags?post=47973"}],"curies":[{"name":"wp","href":"https:\/\/api.w.org\/{rel}","templated":true}]}}