{"id":47404,"date":"2021-02-22T11:16:23","date_gmt":"2021-02-22T14:16:23","guid":{"rendered":"https:\/\/laurbedigital.com.ar\/noticias\/?p=47404"},"modified":"2021-02-22T11:17:05","modified_gmt":"2021-02-22T14:17:05","slug":"telefonica-y-claro-devolveran-importes-mal-cobrados","status":"publish","type":"post","link":"https:\/\/laurbedigital.com.ar\/noticias\/2021\/02\/22\/telefonica-y-claro-devolveran-importes-mal-cobrados\/","title":{"rendered":"Telef\u00f3nica y Claro devolver\u00e1n importes mal cobrados"},"content":{"rendered":"<h5><\/h5>\n<h5 class=\"itemIntroText\">El Gobierno anunci\u00f3 hoy que Telef\u00f3nica y Claro reintegrar\u00e1n a sus clientes los importes cobrados indebidamente durante los meses de enero y febrero, mientras que Telecom ser\u00e1 sancionada por el Ente Nacional de Comunicaciones (Enacom) por continuar en rebeld\u00eda frente a la disposici\u00f3n oficial en materia tarifaria.<\/h5>\n<div class=\"itemIntroText\"><em><strong>\u00abLos usuarios de Telef\u00f3nica y Claro con la facturaci\u00f3n de marzo van a recibir el reintegro de lo que les cobraron por encima de lo autorizado en enero y febrero\u00bb,<\/strong><\/em> dijo el vicepresidente del Enacom, Gustavo L\u00f3pez, en declaraciones a T\u00e9lam Radio<\/div>\n<div class=\"itemFullText\">\n<p>El funcionario aclar\u00f3 que Telecom, la \u00fanica empresa que no cumpli\u00f3 con el decreto 690, ser\u00e1 <strong><em>\u00absancionada y se le cobrar\u00e1 intereses por lo que le est\u00e1n cobrando incorrectamente a los usuarios\u00bb.<\/em><\/strong><\/p>\n<p>El decreto 690 declar\u00f3 servicio p\u00fablico al acceso a las tecnolog\u00edas de la informaci\u00f3n y comunicaci\u00f3n y estableci\u00f3 una prestaci\u00f3n b\u00e1sica con un esquema de precios regulados.<\/p>\n<p><strong><em>\u00abLa mayor\u00eda de las empresas cumpli\u00f3, aunque algunas grandes estuvieron en rebeld\u00eda. Telecentro y Direct TV devolvieron los importes, ahora lo est\u00e1n haciendo Telef\u00f3nica y Claro, y s\u00f3lo Telecom decidi\u00f3 no cumplir con la ley\u00bb, <\/em><\/strong>detall\u00f3 el directivo del Enacom.<\/p>\n<p><strong><em>\u00abEl Estado va a actuar conforme a la ley hasta las \u00faltimas consecuencias, porque el servicio p\u00fablico no se discute, y el jueves tenemos una reuni\u00f3n con los defensores del pueblo y las asociaciones de usuarios\u00bb,<\/em><\/strong> adelant\u00f3 L\u00f3pez.<\/p>\n<\/div>\n<p>&nbsp;<\/p>\n","protected":false},"excerpt":{"rendered":"<p>El Gobierno anunci\u00f3 hoy que Telef\u00f3nica y Claro reintegrar\u00e1n a sus clientes los importes cobrados indebidamente durante los meses de<\/p>\n","protected":false},"author":1,"featured_media":47405,"comment_status":"closed","ping_status":"closed","sticky":false,"template":"","format":"standard","meta":{"kia_subtitle":"","footnotes":"","jetpack_publicize_message":"","jetpack_publicize_feature_enabled":true,"jetpack_social_post_already_shared":true,"jetpack_social_options":{"image_generator_settings":{"template":"highway","default_image_id":0,"font":"","enabled":false},"version":2}},"categories":[3,41],"tags":[],"class_list":["post-47404","post","type-post","status-publish","format-standard","has-post-thumbnail","hentry","category-actualidad","category-nacionales"],"jetpack_publicize_connections":[],"jetpack_featured_media_url":"https:\/\/laurbedigital.com.ar\/noticias\/wp-content\/uploads\/2021\/02\/20210222-celular.jpg","_links":{"self":[{"href":"https:\/\/laurbedigital.com.ar\/noticias\/wp-json\/wp\/v2\/posts\/47404","targetHints":{"allow":["GET"]}}],"collection":[{"href":"https:\/\/laurbedigital.com.ar\/noticias\/wp-json\/wp\/v2\/posts"}],"about":[{"href":"https:\/\/laurbedigital.com.ar\/noticias\/wp-json\/wp\/v2\/types\/post"}],"author":[{"embeddable":true,"href":"https:\/\/laurbedigital.com.ar\/noticias\/wp-json\/wp\/v2\/users\/1"}],"replies":[{"embeddable":true,"href":"https:\/\/laurbedigital.com.ar\/noticias\/wp-json\/wp\/v2\/comments?post=47404"}],"version-history":[{"count":4,"href":"https:\/\/laurbedigital.com.ar\/noticias\/wp-json\/wp\/v2\/posts\/47404\/revisions"}],"predecessor-version":[{"id":47409,"href":"https:\/\/laurbedigital.com.ar\/noticias\/wp-json\/wp\/v2\/posts\/47404\/revisions\/47409"}],"wp:featuredmedia":[{"embeddable":true,"href":"https:\/\/laurbedigital.com.ar\/noticias\/wp-json\/wp\/v2\/media\/47405"}],"wp:attachment":[{"href":"https:\/\/laurbedigital.com.ar\/noticias\/wp-json\/wp\/v2\/media?parent=47404"}],"wp:term":[{"taxonomy":"category","embeddable":true,"href":"https:\/\/laurbedigital.com.ar\/noticias\/wp-json\/wp\/v2\/categories?post=47404"},{"taxonomy":"post_tag","embeddable":true,"href":"https:\/\/laurbedigital.com.ar\/noticias\/wp-json\/wp\/v2\/tags?post=47404"}],"curies":[{"name":"wp","href":"https:\/\/api.w.org\/{rel}","templated":true}]}}