{"id":47388,"date":"2021-02-22T10:32:38","date_gmt":"2021-02-22T13:32:38","guid":{"rendered":"https:\/\/laurbedigital.com.ar\/noticias\/?p=47388"},"modified":"2021-02-22T10:32:38","modified_gmt":"2021-02-22T13:32:38","slug":"el-gobierno-bonaerense-y-los-estatales-se-reunen-en-paritarias-para-discutir-aumentos-salariales","status":"publish","type":"post","link":"https:\/\/laurbedigital.com.ar\/noticias\/2021\/02\/22\/el-gobierno-bonaerense-y-los-estatales-se-reunen-en-paritarias-para-discutir-aumentos-salariales\/","title":{"rendered":"El Gobierno bonaerense y los estatales se re\u00fanen en paritarias para discutir aumentos salariales"},"content":{"rendered":"<p>&nbsp;<\/p>\n<h5>Los secretarios generales de los gremios que representan a los trabajadores estatales de la provincia de Buenos Aires y funcionarios del Gobierno bonaerense participar\u00e1n hoy de una reuni\u00f3n paritaria en la que comenzar\u00e1n a discutir aumentos de salarios.<\/h5>\n<p>Del encuentro, que se desarrollar\u00e1 de forma virtual a partir de las 15, participar\u00e1n los gremios UPCN, ATE y Feggepba, junto a los ministros de Trabajo, Mara Ruiz Malez; y de Hacienda, Pablo L\u00f3pez; y el subsecretario de Empleo P\u00fablico y Gesti\u00f3n de Bienes, Agust\u00edn Robla.<\/p>\n<p>El 11 de enero pasado, el Gobierno bonaerense termin\u00f3 de cerrar el \u00faltimo tramo de la paritaria 2020 con los gremios estatales enrolados en la ley 10.430 (administraci\u00f3n p\u00fablica).<\/p>\n<p>All\u00ed se acord\u00f3 un bono de 4.000 pesos, a pagar en 2 cuotas de 2.000 pesos, en enero y febrero, para quienes cobran menos de 35 mil pesos; el traslado al salario b\u00e1sico de unos 750 pesos de los 4.000 no bonificables pagados en los primeros meses del a\u00f1o pasado y parte del presentismo, m\u00e1s un 1% sobre el b\u00e1sico. Adem\u00e1s se paut\u00f3 volver a reunirse en febrero.<\/p>\n<p>Anteriormente, en octubre, los trabajadores estatales hab\u00edan aceptado en paritarias un aumento salarial de 14% escalonado y un incremento del 30% en las asignaciones familiares.<\/p>\n<p>&nbsp;<\/p>\n<p>&nbsp;<\/p>\n","protected":false},"excerpt":{"rendered":"<p>&nbsp; Los secretarios generales de los gremios que representan a los trabajadores estatales de la provincia de Buenos Aires y<\/p>\n","protected":false},"author":1,"featured_media":47389,"comment_status":"closed","ping_status":"closed","sticky":false,"template":"","format":"standard","meta":{"kia_subtitle":"","footnotes":"","jetpack_publicize_message":"","jetpack_publicize_feature_enabled":true,"jetpack_social_post_already_shared":true,"jetpack_social_options":{"image_generator_settings":{"template":"highway","default_image_id":0,"font":"","enabled":false},"version":2}},"categories":[3,56],"tags":[],"class_list":["post-47388","post","type-post","status-publish","format-standard","has-post-thumbnail","hentry","category-actualidad","category-buenos-aires"],"jetpack_publicize_connections":[],"jetpack_featured_media_url":"https:\/\/laurbedigital.com.ar\/noticias\/wp-content\/uploads\/2021\/02\/20210222-gobierno-bonaerense.jpg","_links":{"self":[{"href":"https:\/\/laurbedigital.com.ar\/noticias\/wp-json\/wp\/v2\/posts\/47388","targetHints":{"allow":["GET"]}}],"collection":[{"href":"https:\/\/laurbedigital.com.ar\/noticias\/wp-json\/wp\/v2\/posts"}],"about":[{"href":"https:\/\/laurbedigital.com.ar\/noticias\/wp-json\/wp\/v2\/types\/post"}],"author":[{"embeddable":true,"href":"https:\/\/laurbedigital.com.ar\/noticias\/wp-json\/wp\/v2\/users\/1"}],"replies":[{"embeddable":true,"href":"https:\/\/laurbedigital.com.ar\/noticias\/wp-json\/wp\/v2\/comments?post=47388"}],"version-history":[{"count":2,"href":"https:\/\/laurbedigital.com.ar\/noticias\/wp-json\/wp\/v2\/posts\/47388\/revisions"}],"predecessor-version":[{"id":47399,"href":"https:\/\/laurbedigital.com.ar\/noticias\/wp-json\/wp\/v2\/posts\/47388\/revisions\/47399"}],"wp:featuredmedia":[{"embeddable":true,"href":"https:\/\/laurbedigital.com.ar\/noticias\/wp-json\/wp\/v2\/media\/47389"}],"wp:attachment":[{"href":"https:\/\/laurbedigital.com.ar\/noticias\/wp-json\/wp\/v2\/media?parent=47388"}],"wp:term":[{"taxonomy":"category","embeddable":true,"href":"https:\/\/laurbedigital.com.ar\/noticias\/wp-json\/wp\/v2\/categories?post=47388"},{"taxonomy":"post_tag","embeddable":true,"href":"https:\/\/laurbedigital.com.ar\/noticias\/wp-json\/wp\/v2\/tags?post=47388"}],"curies":[{"name":"wp","href":"https:\/\/api.w.org\/{rel}","templated":true}]}}