{"id":47113,"date":"2021-02-17T14:03:28","date_gmt":"2021-02-17T17:03:28","guid":{"rendered":"https:\/\/laurbedigital.com.ar\/noticias\/?p=47113"},"modified":"2021-02-17T14:04:08","modified_gmt":"2021-02-17T17:04:08","slug":"mas-de-2-mil-trabajadores-de-la-salud-brownianos-ya-recibieron-dos-dosis-de-la-vacuna","status":"publish","type":"post","link":"https:\/\/laurbedigital.com.ar\/noticias\/2021\/02\/17\/mas-de-2-mil-trabajadores-de-la-salud-brownianos-ya-recibieron-dos-dosis-de-la-vacuna\/","title":{"rendered":"M\u00e1s de 2 mil trabajadores de la salud brownianos ya recibieron dos dosis de la vacuna"},"content":{"rendered":"<p>&nbsp;<\/p>\n<h5 style=\"font-weight: 400;\">El Municipio de Almirante Brown inform\u00f3 que ya fueron inmunizados con las dos dosis de la Sputnik V m\u00e1s de 2.000 trabajadores y trabajadoras de salud del distrito en los hospitales provinciales Lucio Mel\u00e9ndez y Arturo O\u00f1ativia, en el marco de la campa\u00f1a de vacunaci\u00f3n p\u00fablica, gratuita y optativa m\u00e1s grande de la historia.<\/h5>\n<p style=\"font-weight: 400;\">De esta manera, durante la primera etapa de vacunaci\u00f3n que comenz\u00f3 a fines de diciembre en el Mel\u00e9ndez y luego se extendi\u00f3 al O\u00f1ativia, la vacunaci\u00f3n contin\u00faa a todo ritmo en nuestro distrito.<\/p>\n<p><img loading=\"lazy\" decoding=\"async\" class=\"alignnone size-full wp-image-47114\" src=\"https:\/\/laurbedigital.com.ar\/noticias\/wp-content\/uploads\/2021\/02\/20210218-Brown-vacuna-persona-de-salud.jpg\" alt=\"\" width=\"768\" height=\"428\" title=\"\" srcset=\"https:\/\/laurbedigital.com.ar\/noticias\/wp-content\/uploads\/2021\/02\/20210218-Brown-vacuna-persona-de-salud.jpg 768w, https:\/\/laurbedigital.com.ar\/noticias\/wp-content\/uploads\/2021\/02\/20210218-Brown-vacuna-persona-de-salud-300x167.jpg 300w\" sizes=\"auto, (max-width: 768px) 100vw, 768px\" \/><\/p>\n<p>Adem\u00e1s, la semana pasada la campa\u00f1a se extendi\u00f3 a las residencias geri\u00e1tricas locales a trav\u00e9s de un trabajo coordinado con el PAMI y ma\u00f1ana, 18 de febrero, se sumar\u00e1n la Escuela Polimodal N\u00b0 11, la Escuela Primaria N\u00ba18 de San Jos\u00e9 y la sede de Suteba, ubicada en Ferrari 512, ampliando la aplicaci\u00f3n de las dosis a docentes, auxiliares, polic\u00edas y personas mayores de 18 a\u00f1os en situaci\u00f3n de vulnerabilidad frente al virus.<\/p>\n<p>Asimismo, desde la Comuna browniana insistieron en la necesidad de que los vecinos y vecinas de nuestro distrito ingresen en el enlace\u00a0<a href=\"http:\/\/vacunatepba.gba.gob.ar\/\" data-saferedirecturl=\"https:\/\/www.google.com\/url?q=http:\/\/vacunatepba.gba.gob.ar\/&amp;source=gmail&amp;ust=1613665430805000&amp;usg=AFQjCNH-wPfB-lVB5n3OSHRi9sxBGeu2zA\" target=\"_blank\" rel=\"noopener\">http:\/\/vacunatepba.gba.gob.ar<\/a>\u00a0\u00a0para registrarse y avanzar en la inmunizaci\u00f3n contra el Covid-19.<\/p>\n<p><img loading=\"lazy\" decoding=\"async\" class=\"alignnone size-full wp-image-47115\" src=\"https:\/\/laurbedigital.com.ar\/noticias\/wp-content\/uploads\/2021\/02\/20210218-Brown-vacuna-persona-de-salud-1.jpg\" alt=\"\" width=\"768\" height=\"428\" title=\"\" srcset=\"https:\/\/laurbedigital.com.ar\/noticias\/wp-content\/uploads\/2021\/02\/20210218-Brown-vacuna-persona-de-salud-1.jpg 768w, https:\/\/laurbedigital.com.ar\/noticias\/wp-content\/uploads\/2021\/02\/20210218-Brown-vacuna-persona-de-salud-1-300x167.jpg 300w\" sizes=\"auto, (max-width: 768px) 100vw, 768px\" \/><\/p>\n<p>Con este fin, el Municipio que encabeza el intendente Mariano Cascallares lleva adelante una serie de medidas para promover la inscripci\u00f3n al programa \u00abBuenos Aires Vacunate\u00bb, como la incorporaci\u00f3n del 0800-222-7696 para asesoramiento telef\u00f3nico y la asistencia en delegaciones municipales, centros comerciales y estaciones de trenes.<\/p>\n<p>&nbsp;<\/p>\n<p>&nbsp;<\/p>\n","protected":false},"excerpt":{"rendered":"<p>&nbsp; El Municipio de Almirante Brown inform\u00f3 que ya fueron inmunizados con las dos dosis de la Sputnik V m\u00e1s<\/p>\n","protected":false},"author":1,"featured_media":47116,"comment_status":"closed","ping_status":"closed","sticky":false,"template":"","format":"standard","meta":{"kia_subtitle":"","footnotes":"","jetpack_publicize_message":"","jetpack_publicize_feature_enabled":true,"jetpack_social_post_already_shared":true,"jetpack_social_options":{"image_generator_settings":{"template":"highway","default_image_id":0,"font":"","enabled":false},"version":2}},"categories":[2,33],"tags":[],"class_list":["post-47113","post","type-post","status-publish","format-standard","has-post-thumbnail","hentry","category-alte-brown","category-alte-brown-alte-brown"],"jetpack_publicize_connections":[],"jetpack_featured_media_url":"https:\/\/laurbedigital.com.ar\/noticias\/wp-content\/uploads\/2021\/02\/20210218-Brown-vacuna-persona-de-salud-2.jpg","_links":{"self":[{"href":"https:\/\/laurbedigital.com.ar\/noticias\/wp-json\/wp\/v2\/posts\/47113","targetHints":{"allow":["GET"]}}],"collection":[{"href":"https:\/\/laurbedigital.com.ar\/noticias\/wp-json\/wp\/v2\/posts"}],"about":[{"href":"https:\/\/laurbedigital.com.ar\/noticias\/wp-json\/wp\/v2\/types\/post"}],"author":[{"embeddable":true,"href":"https:\/\/laurbedigital.com.ar\/noticias\/wp-json\/wp\/v2\/users\/1"}],"replies":[{"embeddable":true,"href":"https:\/\/laurbedigital.com.ar\/noticias\/wp-json\/wp\/v2\/comments?post=47113"}],"version-history":[{"count":3,"href":"https:\/\/laurbedigital.com.ar\/noticias\/wp-json\/wp\/v2\/posts\/47113\/revisions"}],"predecessor-version":[{"id":47119,"href":"https:\/\/laurbedigital.com.ar\/noticias\/wp-json\/wp\/v2\/posts\/47113\/revisions\/47119"}],"wp:featuredmedia":[{"embeddable":true,"href":"https:\/\/laurbedigital.com.ar\/noticias\/wp-json\/wp\/v2\/media\/47116"}],"wp:attachment":[{"href":"https:\/\/laurbedigital.com.ar\/noticias\/wp-json\/wp\/v2\/media?parent=47113"}],"wp:term":[{"taxonomy":"category","embeddable":true,"href":"https:\/\/laurbedigital.com.ar\/noticias\/wp-json\/wp\/v2\/categories?post=47113"},{"taxonomy":"post_tag","embeddable":true,"href":"https:\/\/laurbedigital.com.ar\/noticias\/wp-json\/wp\/v2\/tags?post=47113"}],"curies":[{"name":"wp","href":"https:\/\/api.w.org\/{rel}","templated":true}]}}