{"id":46866,"date":"2021-02-13T11:29:54","date_gmt":"2021-02-13T14:29:54","guid":{"rendered":"https:\/\/laurbedigital.com.ar\/noticias\/?p=46866"},"modified":"2021-02-13T11:29:54","modified_gmt":"2021-02-13T14:29:54","slug":"revelan-que-a-ursula-la-asesinaron-de-15-punaladas-con-un-cuchillo","status":"publish","type":"post","link":"https:\/\/laurbedigital.com.ar\/noticias\/2021\/02\/13\/revelan-que-a-ursula-la-asesinaron-de-15-punaladas-con-un-cuchillo\/","title":{"rendered":"Revelan que a \u00darsula la asesinaron de 15 pu\u00f1aladas con un cuchillo"},"content":{"rendered":"<p>&nbsp;<\/p>\n<h5>\u00abQuedaron ratificadas las conclusiones aportadas en el respectivo precario de autopsia, en orden a las lesiones que presentaba la v\u00edctima \u00darsula Bahillo\u00bb, indic\u00f3 la Fiscal\u00eda General.<\/h5>\n<p><strong>Los resultados finales en la operaci\u00f3n de autopsia al cuerpo de \u00darsula Bahillo<\/strong>, a cargo del Instituto de Investigaci\u00f3n Criminal y Ciencias Forenses Norte de Jun\u00edn,\u00a0<strong>ratifica que la joven recibi\u00f3 al momento de su asesinato 15 pu\u00f1aladas en la espalda, el torso y el cuello, con un cuchillo de carnicer\u00eda hallado en la escena del crimen<\/strong>, tal como lo indic\u00f3 el informe preliminar, informaron fuentes judiciales.<\/p>\n<p><em>\u00abQuedaron ratificadas las conclusiones aportadas en el respectivo precario de autopsia,<strong>\u00a0en orden a las lesiones que presentaba la v\u00edctima \u00darsula Bahillo, y las causas del deceso<\/strong>\u00ab,<\/em> agrega el \u00faltimo comunicado Fiscal\u00eda General del departamento judicial Jun\u00edn.<\/p>\n<p>Sobre el acusado, el ex polic\u00eda\u00a0<strong>Mat\u00edas Ezequiel Mart\u00ednez<\/strong>, detenido por el femicidio de \u00darsula, cometido el lunes en la ciudad bonaerense de Rojas,<strong>\u00a0pas\u00f3 su primer noche en la alcaid\u00eda de Jun\u00edn, bajo asistencia psiqui\u00e1trica diaria y con 14 d\u00edas de aislamiento por prevenci\u00f3n de la Covid-19<\/strong>, luego de negarse a declarar en la causa.<\/p>\n<p>Mart\u00ednez, exnovio de \u00darsula<strong>\u00a0qued\u00f3 imputado por el delito de \u00abfemicidio agravado por premeditaci\u00f3n y alevos\u00eda\u00bb<\/strong>, en los t\u00e9rminos del art\u00edculo 80, incisos 2 y 11 del C\u00f3digo Penal, que prev\u00e9 como\u00a0<strong>pena \u00fanica la prisi\u00f3n perpetua.<\/strong><\/p>\n<p>Por su parte, el movimiento feminista Ni Una Menos (NUM)\u00a0<strong>convoc\u00f3 a una manifestaci\u00f3n frente al edificio de Tribunales porte\u00f1o el pr\u00f3ximo mi\u00e9rcoles a las 17<\/strong>, en memoria de \u00darsula, la joven de 18 a\u00f1os asesinada en la ciudad bonaerense de Rojas por su exnovio, un polic\u00eda de la provincia de Buenos Aires.<\/p>\n<p>El comunicado que circul\u00f3 en la red social Instagram de NUM se\u00f1ala que la convocatoria es<em> \u00abPor \u00darsula y por todes\u00bb y pide \u00ab\u00a1Basta de justicia patriarcal!\u00bb y \u00ab\u00a1Basta de represi\u00f3n policial!\u00bb.<\/em> Asimismo, se\u00f1ala que <em>\u00abuno de cada cinco femicidios en nuestro pa\u00eds son cometidos por miembros de las fuerzas de seguridad\u00bb<\/em> y pide marchar a todos los tribunales del pa\u00eds.<\/p>\n<blockquote class=\"instagram-media\" style=\"background: #FFF; border: 0; border-radius: 3px; box-shadow: 0 0 1px 0 rgba(0,0,0,0.5),0 1px 10px 0 rgba(0,0,0,0.15); margin: 1px; max-width: 540px; min-width: 326px; padding: 0; width: calc(100% - 2px);\" data-instgrm-captioned=\"\" data-instgrm-permalink=\"https:\/\/www.instagram.com\/p\/CLIAmvaguVk\/?utm_source=ig_embed&amp;utm_campaign=loading\" data-instgrm-version=\"13\">\n<div style=\"padding: 16px;\">\n<p>&nbsp;<\/p>\n<div style=\"display: flex; flex-direction: row; align-items: center;\">\n<div style=\"background-color: #f4f4f4; border-radius: 50%; flex-grow: 0; height: 40px; margin-right: 14px; width: 40px;\"><\/div>\n<div style=\"display: flex; flex-direction: column; flex-grow: 1; justify-content: center;\">\n<div style=\"background-color: #f4f4f4; border-radius: 4px; flex-grow: 0; height: 14px; margin-bottom: 6px; width: 100px;\"><\/div>\n<div style=\"background-color: #f4f4f4; border-radius: 4px; flex-grow: 0; height: 14px; width: 60px;\"><\/div>\n<\/div>\n<\/div>\n<div style=\"padding: 19% 0;\"><\/div>\n<div style=\"display: block; height: 50px; margin: 0 auto 12px; width: 50px;\"><\/div>\n<div style=\"padding-top: 8px;\">\n<div style=\"color: #3897f0; font-family: Arial,sans-serif; font-size: 14px; font-style: normal; font-weight: 550; line-height: 18px;\">Ver esta publicaci\u00f3n en Instagram<\/div>\n<\/div>\n<div style=\"padding: 12.5% 0;\"><\/div>\n<div style=\"display: flex; flex-direction: row; margin-bottom: 14px; align-items: center;\">\n<div>\n<div style=\"background-color: #f4f4f4; border-radius: 50%; height: 12.5px; width: 12.5px; transform: translateX(0px) translateY(7px);\"><\/div>\n<div style=\"background-color: #f4f4f4; height: 12.5px; transform: rotate(-45deg) translateX(3px) translateY(1px); width: 12.5px; flex-grow: 0; margin-right: 14px; margin-left: 2px;\"><\/div>\n<div style=\"background-color: #f4f4f4; border-radius: 50%; height: 12.5px; width: 12.5px; transform: translateX(9px) translateY(-18px);\"><\/div>\n<\/div>\n<div style=\"margin-left: 8px;\">\n<div style=\"background-color: #f4f4f4; border-radius: 50%; flex-grow: 0; height: 20px; width: 20px;\"><\/div>\n<div style=\"width: 0; height: 0; border-top: 2px solid transparent; border-left: 6px solid #f4f4f4; border-bottom: 2px solid transparent; transform: translateX(16px) translateY(-4px) rotate(30deg);\"><\/div>\n<\/div>\n<div style=\"margin-left: auto;\">\n<div style=\"width: 0px; border-top: 8px solid #F4F4F4; border-right: 8px solid transparent; transform: translateY(16px);\"><\/div>\n<div style=\"background-color: #f4f4f4; flex-grow: 0; height: 12px; width: 16px; transform: translateY(-4px);\"><\/div>\n<div style=\"width: 0; height: 0; border-top: 8px solid #F4F4F4; border-left: 8px solid transparent; transform: translateY(-4px) translateX(8px);\"><\/div>\n<\/div>\n<\/div>\n<div style=\"display: flex; flex-direction: column; flex-grow: 1; justify-content: center; margin-bottom: 24px;\">\n<div style=\"background-color: #f4f4f4; border-radius: 4px; flex-grow: 0; height: 14px; margin-bottom: 6px; width: 224px;\"><\/div>\n<div style=\"background-color: #f4f4f4; border-radius: 4px; flex-grow: 0; height: 14px; width: 144px;\"><\/div>\n<\/div>\n<p>&nbsp;<\/p>\n<p style=\"color: #c9c8cd; font-family: Arial,sans-serif; font-size: 14px; line-height: 17px; margin-bottom: 0; margin-top: 8px; overflow: hidden; padding: 8px 0 7px; text-align: center; text-overflow: ellipsis; white-space: nowrap;\"><a style=\"color: #c9c8cd; font-family: Arial,sans-serif; font-size: 14px; font-style: normal; font-weight: normal; line-height: 17px; text-decoration: none;\" href=\"https:\/\/www.instagram.com\/p\/CLIAmvaguVk\/?utm_source=ig_embed&amp;utm_campaign=loading\" target=\"_blank\" rel=\"noopener\">Una publicaci\u00f3n compartida por Ni Una Menos (@_niunamenos_)<\/a><\/p>\n<\/div>\n<\/blockquote>\n<p><script async src=\"\/\/www.instagram.com\/embed.js\"><\/script><\/p>\n<p><strong>\u00darsula fue hallada el lunes \u00faltimo cerca de las 20.30 asesinada a pu\u00f1aladas entre unos pastizales en un campo ubicado a la altura del paraje Guido Spano<\/strong>, a unos 13 kil\u00f3metros de Rojas, en el noroeste de la provincia de Buenos Aires, y en ese mismo lugar la polic\u00eda apres\u00f3 a Mart\u00ednez herido.<\/p>\n<p>A trav\u00e9s de c\u00e1maras de seguridad, los investigadores establecieron que\u00a0<strong>la joven hab\u00eda dejado su moto en la puerta de un quiosco al que ingres\u00f3 y que al salir lo hizo caminando, tras lo cual a\u00fan no pudo determinarse el rumbo que tom\u00f3<\/strong>\u00a0y en qu\u00e9 circunstancias fue abordada por el polic\u00eda, quien esa noche se desplazaba en su auto, un Peugeot 307, tal como fue registrado por una c\u00e1mara de una estaci\u00f3n de servicio.<\/p>\n<p><strong>El femicidio fue descubierto tras un alerta al 911 de un t\u00edo del propio imputado<\/strong>, quien refiri\u00f3 que cre\u00eda que su sobrino hab\u00eda matado a una joven porque \u00e9ste le confes\u00f3 en un llamado que \u00abse hab\u00eda mandado una cagada\u00bb.<\/p>\n<p>Al llegar al lugar, la polic\u00eda encontr\u00f3 a la chica asesinada y al agresor malherido,\u00a0<strong>ya que despu\u00e9s del crimen se clav\u00f3 el arma homicida en el abdomen, adentro de su auto<\/strong>. Mart\u00ednez intent\u00f3 escapar a pie por los pastizales, pero fue reducido y qued\u00f3 apresado.<\/p>\n<p>\u00darsula hab\u00eda denunciado en varias oportunidades a su exnovio por amenazas y violencia de g\u00e9nero e<strong>\u00a0incluso el polic\u00eda ten\u00eda una medida de restricci\u00f3n perimetral que hab\u00eda violado dos d\u00edas antes del crimen<\/strong>.<\/p>\n<p>Adem\u00e1s de las denuncias en su contra por parte de \u00darsula, <strong>el oficial ten\u00eda tres sumarios en curso en Asuntos Internos<\/strong>, uno de ellos por amenazar a una superior dici\u00e9ndole: \u00abSi me trasladan tiro una bomba\u00bb, mientras que otra ex lo acus\u00f3 p\u00fablicamente de abusar sexualmente de su sobrina adolescente y de ser violento con ella.<\/p>\n<p>LMD<\/p>\n","protected":false},"excerpt":{"rendered":"<p>&nbsp; \u00abQuedaron ratificadas las conclusiones aportadas en el respectivo precario de autopsia, en orden a las lesiones que presentaba la<\/p>\n","protected":false},"author":1,"featured_media":46867,"comment_status":"closed","ping_status":"closed","sticky":false,"template":"","format":"standard","meta":{"kia_subtitle":"","footnotes":"","jetpack_publicize_message":"","jetpack_publicize_feature_enabled":true,"jetpack_social_post_already_shared":true,"jetpack_social_options":{"image_generator_settings":{"template":"highway","default_image_id":0,"font":"","enabled":false},"version":2}},"categories":[8],"tags":[],"class_list":["post-46866","post","type-post","status-publish","format-standard","has-post-thumbnail","hentry","category-policiales"],"jetpack_publicize_connections":[],"jetpack_featured_media_url":"https:\/\/laurbedigital.com.ar\/noticias\/wp-content\/uploads\/2021\/02\/20210213-Ursulla.jpg","_links":{"self":[{"href":"https:\/\/laurbedigital.com.ar\/noticias\/wp-json\/wp\/v2\/posts\/46866","targetHints":{"allow":["GET"]}}],"collection":[{"href":"https:\/\/laurbedigital.com.ar\/noticias\/wp-json\/wp\/v2\/posts"}],"about":[{"href":"https:\/\/laurbedigital.com.ar\/noticias\/wp-json\/wp\/v2\/types\/post"}],"author":[{"embeddable":true,"href":"https:\/\/laurbedigital.com.ar\/noticias\/wp-json\/wp\/v2\/users\/1"}],"replies":[{"embeddable":true,"href":"https:\/\/laurbedigital.com.ar\/noticias\/wp-json\/wp\/v2\/comments?post=46866"}],"version-history":[{"count":2,"href":"https:\/\/laurbedigital.com.ar\/noticias\/wp-json\/wp\/v2\/posts\/46866\/revisions"}],"predecessor-version":[{"id":46869,"href":"https:\/\/laurbedigital.com.ar\/noticias\/wp-json\/wp\/v2\/posts\/46866\/revisions\/46869"}],"wp:featuredmedia":[{"embeddable":true,"href":"https:\/\/laurbedigital.com.ar\/noticias\/wp-json\/wp\/v2\/media\/46867"}],"wp:attachment":[{"href":"https:\/\/laurbedigital.com.ar\/noticias\/wp-json\/wp\/v2\/media?parent=46866"}],"wp:term":[{"taxonomy":"category","embeddable":true,"href":"https:\/\/laurbedigital.com.ar\/noticias\/wp-json\/wp\/v2\/categories?post=46866"},{"taxonomy":"post_tag","embeddable":true,"href":"https:\/\/laurbedigital.com.ar\/noticias\/wp-json\/wp\/v2\/tags?post=46866"}],"curies":[{"name":"wp","href":"https:\/\/api.w.org\/{rel}","templated":true}]}}