{"id":46223,"date":"2021-02-04T17:26:30","date_gmt":"2021-02-04T20:26:30","guid":{"rendered":"https:\/\/laurbedigital.com.ar\/noticias\/?p=46223"},"modified":"2021-02-04T17:26:30","modified_gmt":"2021-02-04T20:26:30","slug":"la-provincia-amplia-beneficios-para-sectores-vinculados-a-la-economia-popular","status":"publish","type":"post","link":"https:\/\/laurbedigital.com.ar\/noticias\/2021\/02\/04\/la-provincia-amplia-beneficios-para-sectores-vinculados-a-la-economia-popular\/","title":{"rendered":"La provincia ampl\u00eda beneficios para sectores vinculados a la econom\u00eda popular"},"content":{"rendered":"<p>&nbsp;<\/p>\n<h5>La ministra de Trabajo y el director ejecutivo de ARBA firmaron un convenio que extiende la exenci\u00f3n impositiva a peque\u00f1as unidades productivas.<\/h5>\n<p>A trav\u00e9s de un convenio de colaboraci\u00f3n suscripto entre el Ministerio de Trabajo y la Agencia de Recaudaci\u00f3n, la provincia de Buenos Aires profundiz\u00f3 el alcance de sus pol\u00edticas p\u00fablicas orientadas a la protecci\u00f3n y desarrollo de los sectores de la econom\u00eda social y popular.<\/p>\n<p>La iniciativa tiene como marco la Ley N\u00b013.136, denominada ALAS (Actividades Laborales de Autoempleo y Subsistencia), que est\u00e1 vigente en la provincia de Buenos Aires desde 2007. Producto de esa norma, quienes desarrollan su actividad en la econom\u00eda social pueden acceder -entre otros beneficios- a una exenci\u00f3n por 4 a\u00f1os en el pago de Ingresos Brutos, que antes de la firma de este convenio alcanzaba a solo 1 a\u00f1o.<\/p>\n<p>El director de ARBA, Cristian Girard, explic\u00f3 que la labor coordinada de ambos organismos bonaerenses<em> \u201cpermitir\u00e1 al gobierno de Axel Kicillof extender beneficios impositivos para quienes realizan su actividad econ\u00f3mica en situaci\u00f3n de vulnerabilidad\u201d.<\/em><\/p>\n<p>Adem\u00e1s, record\u00f3 que <em>\u201cemprendimientos, cuentapropistas y peque\u00f1as asociaciones que trabajan en el marco de la econom\u00eda social pueden acceder a exenciones en el Impuesto sobre los Ingresos Brutos\u201d,<\/em> y subray\u00f3 que <em>\u201cel objetivo de la Provincia es brindarles todo el apoyo para que lleven adelante su proyecto y tengan la posibilidad de salir de la informalidad\u201d.<\/em><\/p>\n<p>Por su parte, la ministra de Trabajo, Mara Ruiz Malec, asegur\u00f3 que<em> \u201cqueremos ser el ministerio de todos los trabajadores y trabajadoras. La Ley ALAS nos permite llegar a emprendimientos autogestivos y acercarlos a la formalidad\u201d. \u201cEste a\u00f1o vamos a trabajar mucho con el ALAS\u00bb,<\/em> sostuvo Ruiz Malec.<\/p>\n<p><img loading=\"lazy\" decoding=\"async\" class=\"alignnone size-full wp-image-46225\" src=\"https:\/\/laurbedigital.com.ar\/noticias\/wp-content\/uploads\/2021\/02\/20210204-Economia-popular-1.jpg\" alt=\"\" width=\"768\" height=\"428\" title=\"\" srcset=\"https:\/\/laurbedigital.com.ar\/noticias\/wp-content\/uploads\/2021\/02\/20210204-Economia-popular-1.jpg 768w, https:\/\/laurbedigital.com.ar\/noticias\/wp-content\/uploads\/2021\/02\/20210204-Economia-popular-1-300x167.jpg 300w\" sizes=\"auto, (max-width: 768px) 100vw, 768px\" \/><\/p>\n<p>El acuerdo impulsado por el Ministerio de Trabajo profundiza la labor conjunta con ARBA para apoyar y promover la actividad de quienes producen, comercializan o intermedian bienes y servicios en sectores sociales vulnerables, de manera de facilitar su inserci\u00f3n laboral y productiva.<\/p>\n<p>Durante 2020, m\u00e1s de 20.000 beneficiarios de la provincia de Buenos Aires recibieron esa exenci\u00f3n que requiere, como contrapartida, que las y los contribuyentes cumplan con la presentaci\u00f3n de las declaraciones juradas anuales de Ingresos Brutos.<\/p>\n<p>El convenio entre el Ministerio de Trabajo y ARBA establece, a la par de los beneficios fiscales, la importancia de desarrollar acciones de capacitaci\u00f3n vinculadas a la cultura tributaria.<\/p>\n<p>De la reuni\u00f3n para la firma del acuerdo que se llev\u00f3 a cabo en la Agencia de Recaudaci\u00f3n, tambi\u00e9n participaron la subsecretaria de Empleo, M\u00f3nica Muscolino, la directora provincial de Empleo, Franca Venturi, as\u00ed como el subdirector de Acciones Territoriales y Servicios de ARBA, Gaspar Spiritoso y la gerenta de Relaciones Institucionales del organismo, Julieta Pappano.<\/p>\n<p>&nbsp;<\/p>\n<p>&nbsp;<\/p>\n","protected":false},"excerpt":{"rendered":"<p>&nbsp; La ministra de Trabajo y el director ejecutivo de ARBA firmaron un convenio que extiende la exenci\u00f3n impositiva a<\/p>\n","protected":false},"author":1,"featured_media":46224,"comment_status":"closed","ping_status":"closed","sticky":false,"template":"","format":"standard","meta":{"kia_subtitle":"","footnotes":"","jetpack_publicize_message":"","jetpack_publicize_feature_enabled":true,"jetpack_social_post_already_shared":true,"jetpack_social_options":{"image_generator_settings":{"template":"highway","default_image_id":0,"font":"","enabled":false},"version":2}},"categories":[3,56],"tags":[],"class_list":["post-46223","post","type-post","status-publish","format-standard","has-post-thumbnail","hentry","category-actualidad","category-buenos-aires"],"jetpack_publicize_connections":[],"jetpack_featured_media_url":"https:\/\/laurbedigital.com.ar\/noticias\/wp-content\/uploads\/2021\/02\/20210204-Economia-popular.jpg","_links":{"self":[{"href":"https:\/\/laurbedigital.com.ar\/noticias\/wp-json\/wp\/v2\/posts\/46223","targetHints":{"allow":["GET"]}}],"collection":[{"href":"https:\/\/laurbedigital.com.ar\/noticias\/wp-json\/wp\/v2\/posts"}],"about":[{"href":"https:\/\/laurbedigital.com.ar\/noticias\/wp-json\/wp\/v2\/types\/post"}],"author":[{"embeddable":true,"href":"https:\/\/laurbedigital.com.ar\/noticias\/wp-json\/wp\/v2\/users\/1"}],"replies":[{"embeddable":true,"href":"https:\/\/laurbedigital.com.ar\/noticias\/wp-json\/wp\/v2\/comments?post=46223"}],"version-history":[{"count":2,"href":"https:\/\/laurbedigital.com.ar\/noticias\/wp-json\/wp\/v2\/posts\/46223\/revisions"}],"predecessor-version":[{"id":46227,"href":"https:\/\/laurbedigital.com.ar\/noticias\/wp-json\/wp\/v2\/posts\/46223\/revisions\/46227"}],"wp:featuredmedia":[{"embeddable":true,"href":"https:\/\/laurbedigital.com.ar\/noticias\/wp-json\/wp\/v2\/media\/46224"}],"wp:attachment":[{"href":"https:\/\/laurbedigital.com.ar\/noticias\/wp-json\/wp\/v2\/media?parent=46223"}],"wp:term":[{"taxonomy":"category","embeddable":true,"href":"https:\/\/laurbedigital.com.ar\/noticias\/wp-json\/wp\/v2\/categories?post=46223"},{"taxonomy":"post_tag","embeddable":true,"href":"https:\/\/laurbedigital.com.ar\/noticias\/wp-json\/wp\/v2\/tags?post=46223"}],"curies":[{"name":"wp","href":"https:\/\/api.w.org\/{rel}","templated":true}]}}