{"id":4601,"date":"2016-08-04T12:18:41","date_gmt":"2016-08-04T15:18:41","guid":{"rendered":"http:\/\/laurbedigital.com.ar\/noticias\/?p=4601"},"modified":"2016-08-04T12:18:41","modified_gmt":"2016-08-04T15:18:41","slug":"llegan-a-glew-y-san-jose-los-encuentros-de-emprendedores","status":"publish","type":"post","link":"https:\/\/laurbedigital.com.ar\/noticias\/2016\/08\/04\/llegan-a-glew-y-san-jose-los-encuentros-de-emprendedores\/","title":{"rendered":"Llegan a Glew y San Jos\u00e9 los encuentros de emprendedores"},"content":{"rendered":"<p>Los encuentros\u00a0 de Comercializaci\u00f3n, Eventos Gastron\u00f3micos, Infantiles y Culturales de Almirante Brown, que promueve la\u00a0\u00a0 Secretar\u00eda de Producci\u00f3n y Empleo local, a trav\u00e9s del Instituto para el Desarrollo Econ\u00f3mico con Inclusi\u00f3n Social (IDEIS), proseguir\u00e1n\u00a0 del jueves 4 al domingo 7 de agosto en Glew y San Jos\u00e9.<\/p>\n<p>En Glew se llevar\u00e1n a cabo en el circuisto cicl\u00edstico \u00abHector Durando\u00bb, sito en Patria y Newbery, frente a a la estaci\u00f3n ferroviaria.<\/p>\n<p>A su vez, en San Jos\u00e9 tendr\u00e1n lugar en la plaza \u00abMadre Teresa\u00a0 de Caltura\u00bb, ubicada en Fr\u00edas, El Hornero, La Calandria y Bol\u00edvar.<\/p>\n<p>De acuerdo con lo informado por el Municipio que conduce Mariano Cascallares, el jueves funcionar\u00e1n de 15 a 22 y el\u00a0 viernes, s\u00e1bado y domingo de 11 a 22.<\/p>\n<p>Estos encuentros se vienen realizando en las diversas localidades del distrito, para que los emprendedores locales puedan mostrar y comercializar sus productos, dentro de un clima familiar orientado a que los vecinos puedan disfrutar a su vez de puestos de artesanos, patio de comidas, juegos infantiles y espect\u00e1culos art\u00edsticos cerca de sus hogares.<\/p>\n","protected":false},"excerpt":{"rendered":"<p>Los encuentros\u00a0 de Comercializaci\u00f3n, Eventos Gastron\u00f3micos, Infantiles y Culturales de Almirante Brown, que promueve la\u00a0\u00a0 Secretar\u00eda de Producci\u00f3n y Empleo<\/p>\n","protected":false},"author":1,"featured_media":4602,"comment_status":"closed","ping_status":"closed","sticky":false,"template":"","format":"standard","meta":{"kia_subtitle":"","footnotes":"","jetpack_publicize_message":"","jetpack_publicize_feature_enabled":true,"jetpack_social_post_already_shared":true,"jetpack_social_options":{"image_generator_settings":{"template":"highway","default_image_id":0,"font":"","enabled":false},"version":2}},"categories":[33,2],"tags":[],"class_list":["post-4601","post","type-post","status-publish","format-standard","has-post-thumbnail","hentry","category-alte-brown-alte-brown","category-alte-brown"],"jetpack_publicize_connections":[],"jetpack_featured_media_url":"https:\/\/laurbedigital.com.ar\/noticias\/wp-content\/uploads\/2016\/08\/20160804-brown1.jpg","_links":{"self":[{"href":"https:\/\/laurbedigital.com.ar\/noticias\/wp-json\/wp\/v2\/posts\/4601","targetHints":{"allow":["GET"]}}],"collection":[{"href":"https:\/\/laurbedigital.com.ar\/noticias\/wp-json\/wp\/v2\/posts"}],"about":[{"href":"https:\/\/laurbedigital.com.ar\/noticias\/wp-json\/wp\/v2\/types\/post"}],"author":[{"embeddable":true,"href":"https:\/\/laurbedigital.com.ar\/noticias\/wp-json\/wp\/v2\/users\/1"}],"replies":[{"embeddable":true,"href":"https:\/\/laurbedigital.com.ar\/noticias\/wp-json\/wp\/v2\/comments?post=4601"}],"version-history":[{"count":1,"href":"https:\/\/laurbedigital.com.ar\/noticias\/wp-json\/wp\/v2\/posts\/4601\/revisions"}],"predecessor-version":[{"id":4603,"href":"https:\/\/laurbedigital.com.ar\/noticias\/wp-json\/wp\/v2\/posts\/4601\/revisions\/4603"}],"wp:featuredmedia":[{"embeddable":true,"href":"https:\/\/laurbedigital.com.ar\/noticias\/wp-json\/wp\/v2\/media\/4602"}],"wp:attachment":[{"href":"https:\/\/laurbedigital.com.ar\/noticias\/wp-json\/wp\/v2\/media?parent=4601"}],"wp:term":[{"taxonomy":"category","embeddable":true,"href":"https:\/\/laurbedigital.com.ar\/noticias\/wp-json\/wp\/v2\/categories?post=4601"},{"taxonomy":"post_tag","embeddable":true,"href":"https:\/\/laurbedigital.com.ar\/noticias\/wp-json\/wp\/v2\/tags?post=4601"}],"curies":[{"name":"wp","href":"https:\/\/api.w.org\/{rel}","templated":true}]}}