{"id":45381,"date":"2021-01-24T13:12:55","date_gmt":"2021-01-24T16:12:55","guid":{"rendered":"https:\/\/laurbedigital.com.ar\/noticias\/?p=45381"},"modified":"2021-01-24T13:12:55","modified_gmt":"2021-01-24T16:12:55","slug":"ya-son-mas-de-100-mil-los-trabajadores-y-trabajadoras-de-la-salud-que-recibieron-la-vacuna-contra-el-covid-19-en-la-provincia","status":"publish","type":"post","link":"https:\/\/laurbedigital.com.ar\/noticias\/2021\/01\/24\/ya-son-mas-de-100-mil-los-trabajadores-y-trabajadoras-de-la-salud-que-recibieron-la-vacuna-contra-el-covid-19-en-la-provincia\/","title":{"rendered":"Ya son m\u00e1s de 100 mil los trabajadores y trabajadoras de la salud que recibieron la vacuna contra el Covid-19 en la Provincia"},"content":{"rendered":"<div class=\"field field-name-field-bajada-noti-agroindustria field-type-text-with-summary field-label-hidden\">\n<div class=\"field-items\">\n<div class=\"field-item even\">\n<p>&nbsp;<\/p>\n<h5>Para la pr\u00f3xima etapa, a los 169 vacunatorios se sumar\u00e1n 350 escuelas para agilizar la inmunizaci\u00f3n de los grupos de riesgo.<\/h5>\n<p>El Plan P\u00fablico, Gratuito y Optativo de Vacunaci\u00f3n contra el Covid-19 ya alcanz\u00f3 a m\u00e1s de 100 mil trabajadores y trabajadoras del sistema de salud en la Provincia de Buenos Aires. Se trata del personal m\u00e1s expuesto frente al coronavirus en laboratorios y terapias intensivas de los 135 municipios, donde se habilitaron 169 centros para agilizar el proceso de inmunizaci\u00f3n.<\/p>\n<p>La primera etapa del programa comenz\u00f3 el 29 de diciembre de 2020 con un lote de 123 mil dosis de la vacuna Sputnik V que adquiri\u00f3 el Gobierno Nacional. Asimismo, esta semana comenz\u00f3 a aplicarse tambi\u00e9n al personal de la salud mayor de 60 a\u00f1os, tras haber recibido la autorizaci\u00f3n correspondiente por parte de la ANMAT.<\/p>\n<p><em>\u201cEstamos trabajando todos los d\u00edas para agilizar el proceso de vacunaci\u00f3n, haciendo hincapi\u00e9 en que es fundamental que todos y todas las bonaerenses se sigan cuidando para llegar sanos a la vacuna\u201d,<\/em> explic\u00f3 el gobernador Axel Kicillof y agreg\u00f3: <em>\u201cNo podemos descuidarnos ahora que contamos con la tecnolog\u00eda necesaria para lograr la inmunidad frente al virus\u201d.<\/p>\n<p><\/em>Con el arribo de nuevas dosis, se sumar\u00e1n 350 escuelas como espacios destinados a la vacunaci\u00f3n. En ese marco, se avanzar\u00e1 con la inmunizaci\u00f3n de los y las bonaerenses mayores de 60 a\u00f1os, los hombres y las mujeres que tengan enfermedades preexistentes, y los miembros de las fuerzas de seguridad y de la comunidad educativa.<\/p>\n<p>Para ello, es necesario que quienes opten por recibir la vacuna se preinscriban en alguno de los canales establecidos por el Gobierno de la Provincia de Buenos Aires. Pueden hacerlo a trav\u00e9s del sitio <a href=\"http:\/\/www.vacunatepba.gba.gob.ar\/\" target=\"_blank\" rel=\"noopener noreferrer\">www.vacunatepba.gba.gob.ar<\/a>\u00a0o descargando la aplicaci\u00f3n vacunatePBA en tel\u00e9fonos celulares con sistemas operativo Android o iOS.<\/p>\n<div id=\"page\" class=\"clearfix\">\n<div id=\"main-content\">\n<div class=\"container\">\n<div class=\"row\">\n<section class=\"col-md-8\">\n<div id=\"main\" class=\"clearfix\">\n<div id=\"promoted\" class=\"clearfix\">\n<div id=\"promoted-inside\" class=\"clearfix\">\n<div id=\"content-wrapper\">\n<div class=\"region region-content\">\n<div id=\"block-system-main\" class=\"block block-system clearfix\">\n<div class=\"content\">\n<div class=\"ds-1col node node-medios view-mode-full clearfix\">\n<div class=\"\">\n<div class=\"field field-name-body field-type-text-with-summary field-label-hidden\">\n<div class=\"field-items\">\n<p>&nbsp;<\/p>\n<\/div>\n<\/div>\n<\/div>\n<\/div>\n<\/div>\n<\/div>\n<\/div>\n<\/div>\n<\/div>\n<\/div>\n<\/div>\n<\/section>\n<\/div>\n<\/div>\n<\/div>\n<\/div>\n<\/div>\n<\/div>\n<\/div>\n","protected":false},"excerpt":{"rendered":"<p>&nbsp; Para la pr\u00f3xima etapa, a los 169 vacunatorios se sumar\u00e1n 350 escuelas para agilizar la inmunizaci\u00f3n de los grupos<\/p>\n","protected":false},"author":1,"featured_media":45382,"comment_status":"closed","ping_status":"closed","sticky":false,"template":"","format":"standard","meta":{"kia_subtitle":"","footnotes":"","jetpack_publicize_message":"","jetpack_publicize_feature_enabled":true,"jetpack_social_post_already_shared":true,"jetpack_social_options":{"image_generator_settings":{"template":"highway","default_image_id":0,"font":"","enabled":false},"version":2}},"categories":[3,56],"tags":[],"class_list":["post-45381","post","type-post","status-publish","format-standard","has-post-thumbnail","hentry","category-actualidad","category-buenos-aires"],"jetpack_publicize_connections":[],"jetpack_featured_media_url":"https:\/\/laurbedigital.com.ar\/noticias\/wp-content\/uploads\/2021\/01\/20210124-vacunacion.jpg","_links":{"self":[{"href":"https:\/\/laurbedigital.com.ar\/noticias\/wp-json\/wp\/v2\/posts\/45381","targetHints":{"allow":["GET"]}}],"collection":[{"href":"https:\/\/laurbedigital.com.ar\/noticias\/wp-json\/wp\/v2\/posts"}],"about":[{"href":"https:\/\/laurbedigital.com.ar\/noticias\/wp-json\/wp\/v2\/types\/post"}],"author":[{"embeddable":true,"href":"https:\/\/laurbedigital.com.ar\/noticias\/wp-json\/wp\/v2\/users\/1"}],"replies":[{"embeddable":true,"href":"https:\/\/laurbedigital.com.ar\/noticias\/wp-json\/wp\/v2\/comments?post=45381"}],"version-history":[{"count":2,"href":"https:\/\/laurbedigital.com.ar\/noticias\/wp-json\/wp\/v2\/posts\/45381\/revisions"}],"predecessor-version":[{"id":45384,"href":"https:\/\/laurbedigital.com.ar\/noticias\/wp-json\/wp\/v2\/posts\/45381\/revisions\/45384"}],"wp:featuredmedia":[{"embeddable":true,"href":"https:\/\/laurbedigital.com.ar\/noticias\/wp-json\/wp\/v2\/media\/45382"}],"wp:attachment":[{"href":"https:\/\/laurbedigital.com.ar\/noticias\/wp-json\/wp\/v2\/media?parent=45381"}],"wp:term":[{"taxonomy":"category","embeddable":true,"href":"https:\/\/laurbedigital.com.ar\/noticias\/wp-json\/wp\/v2\/categories?post=45381"},{"taxonomy":"post_tag","embeddable":true,"href":"https:\/\/laurbedigital.com.ar\/noticias\/wp-json\/wp\/v2\/tags?post=45381"}],"curies":[{"name":"wp","href":"https:\/\/api.w.org\/{rel}","templated":true}]}}