{"id":45046,"date":"2021-01-19T12:12:27","date_gmt":"2021-01-19T15:12:27","guid":{"rendered":"https:\/\/laurbedigital.com.ar\/noticias\/?p=45046"},"modified":"2021-01-19T12:12:27","modified_gmt":"2021-01-19T15:12:27","slug":"sting-celebra-los-30-anos-del-disco-the-soul-cages-con-una-reedicion-especial","status":"publish","type":"post","link":"https:\/\/laurbedigital.com.ar\/noticias\/2021\/01\/19\/sting-celebra-los-30-anos-del-disco-the-soul-cages-con-una-reedicion-especial\/","title":{"rendered":"Sting celebra los 30 a\u00f1os del disco \u00abThe Soul Cages\u00bb con una reedici\u00f3n especial"},"content":{"rendered":"<div><\/div>\n<h5 id=\"div_cuerpo\" class=\"content cable-content\">El m\u00fasico brit\u00e1nico Sting celebra los 30 a\u00f1os del lanzamiento de \u00abThe Soul Cages\u00bb, su tercer disco solista de estudio tras la separaci\u00f3n de The Police, con una reedici\u00f3n especial que contiene versiones alternativas y rarezas que permanec\u00edan in\u00e9ditas.<\/h5>\n<div class=\"content cable-content\">Entre ellas destacan distintos remixes de su hit \u00abMad About You\u00bb, un cover del cl\u00e1sico de Jacques Brel \u00abNe Me Quitte Pas\u00bb, una versi\u00f3n de \u00abCome Down In Time\u00bb de Elton John, una canci\u00f3n in\u00e9dita instrumental, y temas de la placa abordados en espa\u00f1ol e italiano.<\/p>\n<p>La nueva edici\u00f3n del disco que originalmente conten\u00eda nueve cortes suma de esta manera trece nuevos tracks, siete de los cuales no estaban disponibles hasta ahora para descargas digitales.<\/p>\n<p>\u00abThe Soul Cages\u00bb surgi\u00f3 luego de las experiencias de corte jazzero de Sting en sus primeras incursiones solistas, con \u00abThe Dream of the Blue Turtles\u00bb y \u00abNothing Like the Sun\u00bb, y el vivo \u00abBring on the Night\u00bb, en donde cont\u00f3 con figuras del g\u00e9nero como Branford Marsalis, Omar Hakim y Kenny Kirkland, entre otros.<\/p>\n<p>Para este nuevo trabajo, el exPolice tom\u00f3 un rumbo m\u00e1s ligado a la canci\u00f3n pop con cl\u00e1sicos como \u00abAll This Time\u00bb, la mencionada \u00abMad About You\u00bb y el tema que le da nombre al disco, entre otros.<\/p>\n<p>La atm\u00f3sfera general de la placa estuvo marcada por la muerte del padre del m\u00fasico, a partir de letras basadas en una serie de reflexiones que el artista fue anotando en un cuaderno durante la larga convalecencia.<\/p>\n<p>Ese disco marc\u00f3 adem\u00e1s el debut en la banda del guitarrista argentino Dominique Miller, quien a\u00fan permanece en su formaci\u00f3n.<\/p>\n<\/div>\n<div><\/div>\n<div><\/div>\n","protected":false},"excerpt":{"rendered":"<p>El m\u00fasico brit\u00e1nico Sting celebra los 30 a\u00f1os del lanzamiento de \u00abThe Soul Cages\u00bb, su tercer disco solista de estudio<\/p>\n","protected":false},"author":1,"featured_media":45047,"comment_status":"closed","ping_status":"closed","sticky":false,"template":"","format":"standard","meta":{"kia_subtitle":"","footnotes":"","jetpack_publicize_message":"","jetpack_publicize_feature_enabled":true,"jetpack_social_post_already_shared":true,"jetpack_social_options":{"image_generator_settings":{"template":"highway","default_image_id":0,"font":"","enabled":false},"version":2}},"categories":[68],"tags":[],"class_list":["post-45046","post","type-post","status-publish","format-standard","has-post-thumbnail","hentry","category-cine-y-series"],"jetpack_publicize_connections":[],"jetpack_featured_media_url":"https:\/\/laurbedigital.com.ar\/noticias\/wp-content\/uploads\/2021\/01\/20210119-stig.jpg","_links":{"self":[{"href":"https:\/\/laurbedigital.com.ar\/noticias\/wp-json\/wp\/v2\/posts\/45046","targetHints":{"allow":["GET"]}}],"collection":[{"href":"https:\/\/laurbedigital.com.ar\/noticias\/wp-json\/wp\/v2\/posts"}],"about":[{"href":"https:\/\/laurbedigital.com.ar\/noticias\/wp-json\/wp\/v2\/types\/post"}],"author":[{"embeddable":true,"href":"https:\/\/laurbedigital.com.ar\/noticias\/wp-json\/wp\/v2\/users\/1"}],"replies":[{"embeddable":true,"href":"https:\/\/laurbedigital.com.ar\/noticias\/wp-json\/wp\/v2\/comments?post=45046"}],"version-history":[{"count":1,"href":"https:\/\/laurbedigital.com.ar\/noticias\/wp-json\/wp\/v2\/posts\/45046\/revisions"}],"predecessor-version":[{"id":45048,"href":"https:\/\/laurbedigital.com.ar\/noticias\/wp-json\/wp\/v2\/posts\/45046\/revisions\/45048"}],"wp:featuredmedia":[{"embeddable":true,"href":"https:\/\/laurbedigital.com.ar\/noticias\/wp-json\/wp\/v2\/media\/45047"}],"wp:attachment":[{"href":"https:\/\/laurbedigital.com.ar\/noticias\/wp-json\/wp\/v2\/media?parent=45046"}],"wp:term":[{"taxonomy":"category","embeddable":true,"href":"https:\/\/laurbedigital.com.ar\/noticias\/wp-json\/wp\/v2\/categories?post=45046"},{"taxonomy":"post_tag","embeddable":true,"href":"https:\/\/laurbedigital.com.ar\/noticias\/wp-json\/wp\/v2\/tags?post=45046"}],"curies":[{"name":"wp","href":"https:\/\/api.w.org\/{rel}","templated":true}]}}