{"id":4501,"date":"2016-07-26T19:00:25","date_gmt":"2016-07-26T22:00:25","guid":{"rendered":"http:\/\/laurbedigital.com.ar\/noticias\/?p=4501"},"modified":"2016-07-26T19:00:25","modified_gmt":"2016-07-26T22:00:25","slug":"la-aventura-de-las-vacaciones-de-invierno","status":"publish","type":"post","link":"https:\/\/laurbedigital.com.ar\/noticias\/2016\/07\/26\/la-aventura-de-las-vacaciones-de-invierno\/","title":{"rendered":"La aventura de las vacaciones de invierno"},"content":{"rendered":"<p>Muchas veces la vor\u00e1gine del a\u00f1o no nos permite frenar, tomar un descanso, elevar el impulso, para seguir adelante (como dir\u00edan los m\u00e1s chicos), con m\u00e1s pilas\u2026Pero hay un evento fundamental, una parte del a\u00f1o que en parte nos obliga a hacerlo, a mirar a nuestro alrededor e interactuar con quienes el resto del a\u00f1o no est\u00e1n en casa pero que durante dos semanas, esperan un poco m\u00e1s de nuestro tiempo que son los m\u00e1s chicos de la casa.<\/p>\n<p>Las vacaciones de invierno son eso, para los chicos que est\u00e1n en edad escolar: un descanso, para los adultos, que seguimos muchas veces con la vor\u00e1gine del trabajo: una posibilidad. Una chance de dedicarnos tiempo a nosotros para disfrutar de nuestros hijos, y a ellos para generar lazos que con los a\u00f1os marquen en camino y ense\u00f1en.<\/p>\n<p>La crisis actual, el galope de la inflaci\u00f3n y la subida de precios muchas veces nos pone de cerca la realidad y nos complica la posibilidad de hacer diferentes salidas, pero existen opciones, que quiz\u00e1s no se elevan tan lejos en distancia y est\u00e1n en el distrito. Una de las posibilidad que tenemos hoy es consultar la cartelera de eventos del distrito, que ya recuperado de a\u00f1os anteriores de falta de gesti\u00f3n, nos ofrece alternativas viables para llevar a nuestros chicos.<\/p>\n<p>Otra opci\u00f3n, es aprovechar los espacios verdes que ofrecen la posibilidad de juegos al aire libre y que se convierten es lugares concurridos donde conocer nuevos amigos, donde interactuar con familias o generar nuevas relaciones. Lo que creemos importante desde La Urbe es aprovechar los d\u00edas y no dejar que pasen por s\u00ed solos, entender que hay momentos que, una vez pasados, no se recuperan y fundamentalmente que para los m\u00e1s constituye un derecho del que tenemos que hacernos cargo nosotros.<\/p>\n<p>Volvamos a la vida en comunidad, reconoci\u00e9ndonos como amigos, madres, padres, hermanos, siendo parte de un proyecto y disfrutando de momentos \u00fanicos e irrepetibles con el otro, que nos transformen, que nos interpelen, y que nos posibiliten conocer, interpretar y entender los sue\u00f1os y los deseos de los dem\u00e1s. Estas vacaciones seamos parte de una misma comunidad<\/p>\n","protected":false},"excerpt":{"rendered":"<p>Muchas veces la vor\u00e1gine del a\u00f1o no nos permite frenar, tomar un descanso, elevar el impulso, para seguir adelante (como<\/p>\n","protected":false},"author":1,"featured_media":4502,"comment_status":"closed","ping_status":"closed","sticky":false,"template":"","format":"standard","meta":{"kia_subtitle":"","footnotes":"","jetpack_publicize_message":"","jetpack_publicize_feature_enabled":true,"jetpack_social_post_already_shared":true,"jetpack_social_options":{"image_generator_settings":{"template":"highway","default_image_id":0,"font":"","enabled":false},"version":2}},"categories":[26],"tags":[],"class_list":["post-4501","post","type-post","status-publish","format-standard","has-post-thumbnail","hentry","category-editorial"],"jetpack_publicize_connections":[],"jetpack_featured_media_url":"https:\/\/laurbedigital.com.ar\/noticias\/wp-content\/uploads\/2016\/07\/20160726-editorial.jpg","_links":{"self":[{"href":"https:\/\/laurbedigital.com.ar\/noticias\/wp-json\/wp\/v2\/posts\/4501","targetHints":{"allow":["GET"]}}],"collection":[{"href":"https:\/\/laurbedigital.com.ar\/noticias\/wp-json\/wp\/v2\/posts"}],"about":[{"href":"https:\/\/laurbedigital.com.ar\/noticias\/wp-json\/wp\/v2\/types\/post"}],"author":[{"embeddable":true,"href":"https:\/\/laurbedigital.com.ar\/noticias\/wp-json\/wp\/v2\/users\/1"}],"replies":[{"embeddable":true,"href":"https:\/\/laurbedigital.com.ar\/noticias\/wp-json\/wp\/v2\/comments?post=4501"}],"version-history":[{"count":1,"href":"https:\/\/laurbedigital.com.ar\/noticias\/wp-json\/wp\/v2\/posts\/4501\/revisions"}],"predecessor-version":[{"id":4503,"href":"https:\/\/laurbedigital.com.ar\/noticias\/wp-json\/wp\/v2\/posts\/4501\/revisions\/4503"}],"wp:featuredmedia":[{"embeddable":true,"href":"https:\/\/laurbedigital.com.ar\/noticias\/wp-json\/wp\/v2\/media\/4502"}],"wp:attachment":[{"href":"https:\/\/laurbedigital.com.ar\/noticias\/wp-json\/wp\/v2\/media?parent=4501"}],"wp:term":[{"taxonomy":"category","embeddable":true,"href":"https:\/\/laurbedigital.com.ar\/noticias\/wp-json\/wp\/v2\/categories?post=4501"},{"taxonomy":"post_tag","embeddable":true,"href":"https:\/\/laurbedigital.com.ar\/noticias\/wp-json\/wp\/v2\/tags?post=4501"}],"curies":[{"name":"wp","href":"https:\/\/api.w.org\/{rel}","templated":true}]}}