{"id":44808,"date":"2021-01-16T10:18:55","date_gmt":"2021-01-16T13:18:55","guid":{"rendered":"https:\/\/laurbedigital.com.ar\/noticias\/?p=44808"},"modified":"2021-01-16T10:20:44","modified_gmt":"2021-01-16T13:20:44","slug":"citan-a-declarar-como-testigo-a-carolina-piparo-y-al-hermano-en-la-causa-que-investigan-a-su-esposo","status":"publish","type":"post","link":"https:\/\/laurbedigital.com.ar\/noticias\/2021\/01\/16\/citan-a-declarar-como-testigo-a-carolina-piparo-y-al-hermano-en-la-causa-que-investigan-a-su-esposo\/","title":{"rendered":"Citan a declarar como testigo a Carolina P\u00edparo y al hermano en la causa que investigan a su esposo"},"content":{"rendered":"<h5><\/h5>\n<h5 id=\"div_cuerpo\" class=\"content cable-content\">La diputada bonaerense Carolina P\u00edparo y su hermano Mat\u00edas fueron citados a declarar como testigos en la causa en la que el marido de la legisladora, Juan Ignacio Buzali, permanece preso por la tentativa de homicidio de dos motociclistas a los que atropell\u00f3 la madrugada de A\u00f1o Nuevo al creerlos \u00abmotochorros\u00bb, informaron hoy fuentes judiciales.<\/h5>\n<div class=\"content cable-content\">\n<p>El pedido fue formulado por la fiscal de La Plata Mar\u00eda Eugenia Di Lorenzo, quien cit\u00f3 a P\u00edparo (44) y a su hermano Mat\u00edas para declarar como testigos el martes pr\u00f3ximo a las 9.30 y a las 10, respectivamente.<\/p>\n<p>Fuentes judiciales informaron a telam que la representante del Ministerio P\u00fablico hab\u00eda fijado el lunes para que ambos declaren, pero como la C\u00e1mara de Apelaciones y Garant\u00edas en lo Penal le pidi\u00f3 el expediente retras\u00f3 las audiencias para el martes.<\/p>\n<p>Tanto la legisladora y funcionaria municipal, como su hermano Mat\u00edas, hab\u00edan sido mencionados por Buzali (47) en su declaraci\u00f3n indagatoria en la que pidi\u00f3 que ambos sean convocados a testimoniar para que puedan ratificar sus dichos.<\/p>\n<p>Seg\u00fan las fuentes, Mat\u00edas P\u00edparo estuvo en la casa cuando sucedi\u00f3 el robo y despu\u00e9s se dirigi\u00f3 a la comisar\u00eda a acompa\u00f1ar a su hermana y a su cu\u00f1ado tras el hecho.<\/p>\n<p>Por el asalto a la diputada, a quien le robaron un tel\u00e9fono celular y una suma de dinero, un adolescente de 15 a\u00f1os que hab\u00eda sido detenido como sospechoso fue el lunes \u00faltimo restituido a sus padres por la justicia, mientras que otro de 16 pidi\u00f3 la eximici\u00f3n de prisi\u00f3n y seguir\u00e1 libre hasta que se resuelva la cuesti\u00f3n.<\/p>\n<p>En tanto, otro adolescente de 14 a\u00f1os apresado el viernes de la semana pasada tambi\u00e9n fue entregado a su familia dado que por su edad es inimputable.<\/p>\n<p>Adem\u00e1s, un joven de 22 a\u00f1os que es investigado por el hecho se puso a disposici\u00f3n ayer ante la justicia, pero no qued\u00f3 detenido, ya que hay un pedido de eximici\u00f3n de prisi\u00f3n pendiente de resoluci\u00f3n.<\/p>\n<p>A su vez, las pesquisas tienen identificados a otros dos sospechosos que tambi\u00e9n ser\u00edan menores de edad.<\/p>\n<p>P\u00edparo denunci\u00f3 haber sido asaltada por \u00abmotochorros\u00bb la madrugada del 1 de enero \u00faltimo en la calle 47, entre 15 y 16, de la capital bonaerense, en momentos en que iba con su esposo a llevar a su suegro a su casa.<\/p>\n<p>Seg\u00fan la legisladora, tras ello y cuando se dirig\u00eda con su esposo a realizar la denuncia a bordo de su Fiat 500L negro con techo blanco, volvieron a ser interceptados por los que creyeron que eran los mismos \u00abmotochorros\u00bb que los hab\u00edan asaltado, por lo cual embistieron a una de las motos en las calles 31 y 28 y luego escaparon del lugar.<\/p>\n<p>La pareja se alej\u00f3 en el auto sin asistir a los dos j\u00f3venes, identificados como Luis Lavalle (23) y un adolescente de 17 a\u00f1os, quienes tripulaban la moto y que resultaron heridos.<\/p>\n<p>El viernes 8 de enero y a pedido de la fiscal Di Lorenzo, de la Unidad Funcional de Instrucci\u00f3n (UFI) 17 de La Plata, Buzali fue detenido como acusado del \u00abdoble homicidio en grado de tentativa\u00bb de estos motociclistas.<\/p>\n<p>En su declaraci\u00f3n indagatoria afirm\u00f3 que \u00ablo que pas\u00f3 fue un infortunio y un accidente\u00bb, que \u00abjam\u00e1s\u00bb quiso \u00ablastimar a nadie\u00bb, y que al momento del hecho estaba \u00abnervioso, abrumado y temeroso\u00bb pero \u00abno enojado\u00bb ni alcoholizado.<\/p>\n<p>Para la fiscal Di Lorenzo, Buzali conduc\u00eda a \u00abtoda velocidad\u00bb y embisti\u00f3 \u00abde lleno\u00bb a las v\u00edctimas, y que no se advirti\u00f3 \u00abninguna maniobra de esquive\u00bb.<\/p>\n<p>Por su parte, la jueza de Garant\u00edas Marcela Garmendia rechaz\u00f3 el martes \u00faltimo dos pedidos de excarcelaci\u00f3n interpuesto por los abogados de Buzali por considerar que existen riesgos procesales si el acusado recupera la libertad.<\/p>\n<p>Ante esta situaci\u00f3n, los abogados defensores Fernando Burlando y Fabi\u00e1n Am\u00e9ndola recurrieron el fallo de la magistrada ante la sala de feria de la C\u00e1mara de Apelaciones y Garant\u00edas de La Plata.<\/p>\n<\/div>\n<div><\/div>\n<div>https:\/\/tinyurl.com\/y4m4zcsc<\/div>\n","protected":false},"excerpt":{"rendered":"<p>La diputada bonaerense Carolina P\u00edparo y su hermano Mat\u00edas fueron citados a declarar como testigos en la causa en la<\/p>\n","protected":false},"author":1,"featured_media":44809,"comment_status":"closed","ping_status":"closed","sticky":false,"template":"","format":"standard","meta":{"kia_subtitle":"","footnotes":"","jetpack_publicize_message":"","jetpack_publicize_feature_enabled":true,"jetpack_social_post_already_shared":true,"jetpack_social_options":{"image_generator_settings":{"template":"highway","default_image_id":0,"font":"","enabled":false},"version":2}},"categories":[8],"tags":[],"class_list":["post-44808","post","type-post","status-publish","format-standard","has-post-thumbnail","hentry","category-policiales"],"jetpack_publicize_connections":[],"jetpack_featured_media_url":"https:\/\/laurbedigital.com.ar\/noticias\/wp-content\/uploads\/2021\/01\/20210116-piparo.jpg","_links":{"self":[{"href":"https:\/\/laurbedigital.com.ar\/noticias\/wp-json\/wp\/v2\/posts\/44808","targetHints":{"allow":["GET"]}}],"collection":[{"href":"https:\/\/laurbedigital.com.ar\/noticias\/wp-json\/wp\/v2\/posts"}],"about":[{"href":"https:\/\/laurbedigital.com.ar\/noticias\/wp-json\/wp\/v2\/types\/post"}],"author":[{"embeddable":true,"href":"https:\/\/laurbedigital.com.ar\/noticias\/wp-json\/wp\/v2\/users\/1"}],"replies":[{"embeddable":true,"href":"https:\/\/laurbedigital.com.ar\/noticias\/wp-json\/wp\/v2\/comments?post=44808"}],"version-history":[{"count":3,"href":"https:\/\/laurbedigital.com.ar\/noticias\/wp-json\/wp\/v2\/posts\/44808\/revisions"}],"predecessor-version":[{"id":44811,"href":"https:\/\/laurbedigital.com.ar\/noticias\/wp-json\/wp\/v2\/posts\/44808\/revisions\/44811"}],"wp:featuredmedia":[{"embeddable":true,"href":"https:\/\/laurbedigital.com.ar\/noticias\/wp-json\/wp\/v2\/media\/44809"}],"wp:attachment":[{"href":"https:\/\/laurbedigital.com.ar\/noticias\/wp-json\/wp\/v2\/media?parent=44808"}],"wp:term":[{"taxonomy":"category","embeddable":true,"href":"https:\/\/laurbedigital.com.ar\/noticias\/wp-json\/wp\/v2\/categories?post=44808"},{"taxonomy":"post_tag","embeddable":true,"href":"https:\/\/laurbedigital.com.ar\/noticias\/wp-json\/wp\/v2\/tags?post=44808"}],"curies":[{"name":"wp","href":"https:\/\/api.w.org\/{rel}","templated":true}]}}