{"id":44629,"date":"2021-01-13T13:31:17","date_gmt":"2021-01-13T16:31:17","guid":{"rendered":"https:\/\/laurbedigital.com.ar\/noticias\/?p=44629"},"modified":"2021-01-13T13:31:17","modified_gmt":"2021-01-13T16:31:17","slug":"cascallares-el-2021-es-el-ano-de-la-vacuna","status":"publish","type":"post","link":"https:\/\/laurbedigital.com.ar\/noticias\/2021\/01\/13\/cascallares-el-2021-es-el-ano-de-la-vacuna\/","title":{"rendered":"Cascallares: \u00abEl 2021 es el a\u00f1o de la vacuna\u00bb"},"content":{"rendered":"<p>&nbsp;<\/p>\n<h5 style=\"font-weight: 400;\">El intendente de Almirante Brown Mariano Cascallares asegur\u00f3 que el 2021 es el a\u00f1o de la vacuna, que constituye una herramienta muy importante para ir cortando la circulaci\u00f3n viral del Covid-19, al tiempo que le pidi\u00f3 a los vecinos que ingresen y se inscriban en\u00a0<a href=\"https:\/\/vacunatepba.gba.gob.ar\/\" data-saferedirecturl=\"https:\/\/www.google.com\/url?q=https:\/\/vacunatepba.gba.gob.ar&amp;source=gmail&amp;ust=1610641529371000&amp;usg=AFQjCNGn-bV2PgkammqXGvB2DNQhEssQSQ\" target=\"_blank\" rel=\"noopener\">https:\/\/vacunatepba.gba.gob.ar<\/a>\u00a0para participar del plan p\u00fablico, gratuito y optativo de vacunaci\u00f3n de la Provincia.<\/h5>\n<p style=\"font-weight: 400;\">Cascallares pidi\u00f3 concentrar los esfuerzos en la vacunaci\u00f3n contra el Covid y destac\u00f3 que la Argentina se encuentra entre los pa\u00edses que m\u00e1s vacunas viene aplicando en todo el mundo, liderando el ranking latinoamericano en la materia.<\/p>\n<p>El jefe comunal destac\u00f3 la importante de continuar potenciando el trabajo articulado entre la Naci\u00f3n, la Provincia de Buenos Aires y los Municipios para seguir extendiendo y profundizando el plan de vacunaci\u00f3n que por ahora se desarrolla en hospitales provinciales pero que en poco tiempo se extender\u00e1 a las escuelas de todos los distritos.<\/p>\n<p><em>\u00abJunto a las y los intendent@s mantuvimos un encuentro virtual de trabajo con el gobernador Axel Kicillof (foto) y con los equipos de la Provincia y coincidimos en la necesidad de promover la inscripci\u00f3n masiva en\u00a0<a href=\"http:\/\/www.vacunatepba.gba.gob.ar\/\" data-saferedirecturl=\"https:\/\/www.google.com\/url?q=http:\/\/www.vacunatepba.gba.gob.ar&amp;source=gmail&amp;ust=1610641529371000&amp;usg=AFQjCNEEWpMhQY9k-LFSDxi9w55yZsLUpg\" target=\"_blank\" rel=\"noopener\">http:\/\/www.vacunatepba.gba.gob.ar<\/a>\u00a0para recibir informaci\u00f3n y ser notificado a medida que vayan ingresando nuevos lotes de la vacuna\u00bb,<\/em> indic\u00f3 Mariano Cascallares.<\/p>\n<p>El intendente browniano destac\u00f3 que en dicha plataforma de la Provincia ya se inscribieron 730 mil ciudadanos y que merced al trabajo de la Provincia y los intendentes ya se logr\u00f3 vacunar a 51 mil integrantes de los equipos sanitarios.<\/p>\n<p><em>\u00abComo nos inform\u00f3 el gobernador, se est\u00e1 vacunando a 10 mil personas del sistema de Salud por d\u00eda en 169 hospitales bonaerenses y ya parte un nuevo vuelo a Rusia para traer una nueva tanda de vacunas continuando con el aprovisionamiento\u00bb,<\/em> finaliz\u00f3 Mariano Cascallares.<\/p>\n<p>&nbsp;<\/p>\n<p>&nbsp;<\/p>\n<p style=\"font-weight: 400;\">\n","protected":false},"excerpt":{"rendered":"<p>&nbsp; El intendente de Almirante Brown Mariano Cascallares asegur\u00f3 que el 2021 es el a\u00f1o de la vacuna, que constituye<\/p>\n","protected":false},"author":1,"featured_media":44630,"comment_status":"closed","ping_status":"closed","sticky":false,"template":"","format":"standard","meta":{"kia_subtitle":"","footnotes":"","jetpack_publicize_message":"","jetpack_publicize_feature_enabled":true,"jetpack_social_post_already_shared":true,"jetpack_social_options":{"image_generator_settings":{"template":"highway","default_image_id":0,"font":"","enabled":false},"version":2}},"categories":[2,33],"tags":[],"class_list":["post-44629","post","type-post","status-publish","format-standard","has-post-thumbnail","hentry","category-alte-brown","category-alte-brown-alte-brown"],"jetpack_publicize_connections":[],"jetpack_featured_media_url":"https:\/\/laurbedigital.com.ar\/noticias\/wp-content\/uploads\/2021\/01\/20210113-Brown-Cascallares-Kicillof-Online.jpg","_links":{"self":[{"href":"https:\/\/laurbedigital.com.ar\/noticias\/wp-json\/wp\/v2\/posts\/44629","targetHints":{"allow":["GET"]}}],"collection":[{"href":"https:\/\/laurbedigital.com.ar\/noticias\/wp-json\/wp\/v2\/posts"}],"about":[{"href":"https:\/\/laurbedigital.com.ar\/noticias\/wp-json\/wp\/v2\/types\/post"}],"author":[{"embeddable":true,"href":"https:\/\/laurbedigital.com.ar\/noticias\/wp-json\/wp\/v2\/users\/1"}],"replies":[{"embeddable":true,"href":"https:\/\/laurbedigital.com.ar\/noticias\/wp-json\/wp\/v2\/comments?post=44629"}],"version-history":[{"count":2,"href":"https:\/\/laurbedigital.com.ar\/noticias\/wp-json\/wp\/v2\/posts\/44629\/revisions"}],"predecessor-version":[{"id":44632,"href":"https:\/\/laurbedigital.com.ar\/noticias\/wp-json\/wp\/v2\/posts\/44629\/revisions\/44632"}],"wp:featuredmedia":[{"embeddable":true,"href":"https:\/\/laurbedigital.com.ar\/noticias\/wp-json\/wp\/v2\/media\/44630"}],"wp:attachment":[{"href":"https:\/\/laurbedigital.com.ar\/noticias\/wp-json\/wp\/v2\/media?parent=44629"}],"wp:term":[{"taxonomy":"category","embeddable":true,"href":"https:\/\/laurbedigital.com.ar\/noticias\/wp-json\/wp\/v2\/categories?post=44629"},{"taxonomy":"post_tag","embeddable":true,"href":"https:\/\/laurbedigital.com.ar\/noticias\/wp-json\/wp\/v2\/tags?post=44629"}],"curies":[{"name":"wp","href":"https:\/\/api.w.org\/{rel}","templated":true}]}}