{"id":44448,"date":"2021-01-11T13:37:11","date_gmt":"2021-01-11T16:37:11","guid":{"rendered":"https:\/\/laurbedigital.com.ar\/noticias\/?p=44448"},"modified":"2021-01-11T13:37:11","modified_gmt":"2021-01-11T16:37:11","slug":"kicillof-visito-el-operativo-de-vacunacion-en-el-hospital-evita-pueblo-en-berazategui","status":"publish","type":"post","link":"https:\/\/laurbedigital.com.ar\/noticias\/2021\/01\/11\/kicillof-visito-el-operativo-de-vacunacion-en-el-hospital-evita-pueblo-en-berazategui\/","title":{"rendered":"Kicillof visit\u00f3 el operativo de vacunaci\u00f3n en el Hospital Evita Pueblo en Berazategui"},"content":{"rendered":"<p>&nbsp;<\/p>\n<h5>Junto al ministro de Salud, Daniel Gollan, y al intendente Juan Jos\u00e9 Mussi, Kicillof recorri\u00f3 las instalaciones del\u00a0centro de salud en el que se est\u00e1 llevando adelante el plan p\u00fablico, gratuito y optativo.<\/h5>\n<p>El gobernador de la provincia de Buenos Aires, Axel Kicillof, visit\u00f3 esta ma\u00f1ana el municipio de Berazategui, donde junto al ministro de Salud, Daniel Gollan, y al intendente Juan Jos\u00e9 Mussi, recorri\u00f3 las instalaciones del Hospital Evita Pueblo, centro de salud en el que se est\u00e1 llevando adelante el plan p\u00fablico, gratuito y optativo de vacunaci\u00f3n contra el Covid-19 en el distrito.<\/p>\n<p><strong><em>\u201cEstamos muy conformes con la marcha del operativo de vacunaci\u00f3n en este hospital, donde ya se aplicaron 450 vacunas y ma\u00f1ana llegar\u00e1 otro lote con la misma cantidad\u201d,<\/em> <\/strong>asegur\u00f3 Kicillof, y agreg\u00f3: <strong><em>\u201cYa se han vacunado 40 mil trabajadores y trabajadoras de la salud en los 160 hospitales de toda la provincia de Buenos Aires\u201d.<\/em><\/strong><\/p>\n<p>Asimismo, el Gobernador destac\u00f3 que \u00a0trav\u00e9s del sitio <a href=\"http:\/\/www.vacunatepba.gba.gob.ar\" target=\"_blank\" rel=\"noopener\">www.vacunatepba.gba.gob.ar<\/a> <strong><em>\u201cse han inscripto 700 mil personas para aplicarse la vacuna de forma voluntaria, lo que muestra las ganas de la sociedad por conseguir la inmunidad frente al coronavirus\u201d.\u00a0<\/em><\/strong><\/p>\n<p>La vacunaci\u00f3n, en esta primera etapa est\u00e1 destinada al personal de salud con mayor exposici\u00f3n ante el virus. En ese marco, este lunes se terminaron de aplicar las primeras 450 dosis que recibi\u00f3 el Hospital Evita Pueblo, en tanto que a partir de ma\u00f1ana ya dispondr\u00e1 de la segunda tanda de vacunas.<\/p>\n<p>Adem\u00e1s del vacunatorio, las autoridades visitaron el \u00c1rea de Investigaci\u00f3n Cl\u00ednica del hospital, sector en el que se llevar\u00e1n a cabo los estudios de la fase 3 de una vacuna que desarrollan laboratorios alemanes.<\/p>\n<p><strong><em>\u201cEs un avance muy importante para Berazategui y para toda la provincia, el Hospital Evita Pueblo se convirti\u00f3 en una cabecera de prueba de la efectividad de una nueva vacuna contra el Covid-19\u201d, afirm\u00f3 Kicillof en declaraciones a la prensa, y a\u00f1adi\u00f3: \u201cNos llena de esperanza observar el avance del plan de vacunaci\u00f3n y poder contribuir, al mismo tiempo, con el desarrollo de nuevas tecnolog\u00edas\u201d.<\/em><\/strong><\/p>\n<p>Por su parte, el intendente Mussi remarc\u00f3: <strong><em>\u201cHemos mantenido comunicaciones peri\u00f3dicas y trabajado de forma articulada para desarrollar las pol\u00edticas necesarias frente a la pandemia. Durante todo este tiempo nos sentimos acompa\u00f1ados y coincidimos en que la principal preocupaci\u00f3n es cuidar la salud de nuestros vecinos\u201d.<\/em><\/strong><\/p>\n<p>El ministro Gollan subray\u00f3 que <strong><em>\u201clas vacunas ya est\u00e1n disponibles en todos los municipios de la provincia de Buenos Aires\u201d,<\/em> <\/strong>en tanto que alert\u00f3 que <strong><em>\u201cesto no implica que podamos bajar la guardia y relajarnos, sino que debemos recuperar los cuidados para que podamos continuar con las actividades que est\u00e1n permitidas\u201d.<\/em><\/strong><\/p>\n<p><strong><em>\u201cEl esfuerzo por mantener los cuidados es mucho m\u00e1s importante ahora que tenemos un horizonte m\u00e1s cercano en el que todos los y las bonaerenses van a poder acceder a la \u00faltima tecnolog\u00eda en vacunas\u201d,<\/em><\/strong> concluy\u00f3 Kicillof.<\/p>\n<p>Tambi\u00e9n estuvieron presentes el viceministro Nicol\u00e1s Kreplak; y el director ejecutivo del hospital, Juan Marini.<\/p>\n<p>&nbsp;<\/p>\n<p>&nbsp;<\/p>\n","protected":false},"excerpt":{"rendered":"<p>&nbsp; Junto al ministro de Salud, Daniel Gollan, y al intendente Juan Jos\u00e9 Mussi, Kicillof recorri\u00f3 las instalaciones del\u00a0centro de<\/p>\n","protected":false},"author":1,"featured_media":44449,"comment_status":"closed","ping_status":"closed","sticky":false,"template":"","format":"standard","meta":{"kia_subtitle":"","footnotes":"","jetpack_publicize_message":"","jetpack_publicize_feature_enabled":true,"jetpack_social_post_already_shared":true,"jetpack_social_options":{"image_generator_settings":{"template":"highway","default_image_id":0,"font":"","enabled":false},"version":2}},"categories":[13,21],"tags":[],"class_list":["post-44448","post","type-post","status-publish","format-standard","has-post-thumbnail","hentry","category-region","category-berazategui"],"jetpack_publicize_connections":[],"jetpack_featured_media_url":"https:\/\/laurbedigital.com.ar\/noticias\/wp-content\/uploads\/2021\/01\/20210111-berazategui-kicillof.jpg","_links":{"self":[{"href":"https:\/\/laurbedigital.com.ar\/noticias\/wp-json\/wp\/v2\/posts\/44448","targetHints":{"allow":["GET"]}}],"collection":[{"href":"https:\/\/laurbedigital.com.ar\/noticias\/wp-json\/wp\/v2\/posts"}],"about":[{"href":"https:\/\/laurbedigital.com.ar\/noticias\/wp-json\/wp\/v2\/types\/post"}],"author":[{"embeddable":true,"href":"https:\/\/laurbedigital.com.ar\/noticias\/wp-json\/wp\/v2\/users\/1"}],"replies":[{"embeddable":true,"href":"https:\/\/laurbedigital.com.ar\/noticias\/wp-json\/wp\/v2\/comments?post=44448"}],"version-history":[{"count":2,"href":"https:\/\/laurbedigital.com.ar\/noticias\/wp-json\/wp\/v2\/posts\/44448\/revisions"}],"predecessor-version":[{"id":44459,"href":"https:\/\/laurbedigital.com.ar\/noticias\/wp-json\/wp\/v2\/posts\/44448\/revisions\/44459"}],"wp:featuredmedia":[{"embeddable":true,"href":"https:\/\/laurbedigital.com.ar\/noticias\/wp-json\/wp\/v2\/media\/44449"}],"wp:attachment":[{"href":"https:\/\/laurbedigital.com.ar\/noticias\/wp-json\/wp\/v2\/media?parent=44448"}],"wp:term":[{"taxonomy":"category","embeddable":true,"href":"https:\/\/laurbedigital.com.ar\/noticias\/wp-json\/wp\/v2\/categories?post=44448"},{"taxonomy":"post_tag","embeddable":true,"href":"https:\/\/laurbedigital.com.ar\/noticias\/wp-json\/wp\/v2\/tags?post=44448"}],"curies":[{"name":"wp","href":"https:\/\/api.w.org\/{rel}","templated":true}]}}