{"id":44374,"date":"2021-01-10T15:23:24","date_gmt":"2021-01-10T18:23:24","guid":{"rendered":"https:\/\/laurbedigital.com.ar\/noticias\/?p=44374"},"modified":"2021-01-10T15:23:24","modified_gmt":"2021-01-10T18:23:24","slug":"a-pesar-de-la-pandemia-se-vendieron-1-500-000-autos-usados-en-2020","status":"publish","type":"post","link":"https:\/\/laurbedigital.com.ar\/noticias\/2021\/01\/10\/a-pesar-de-la-pandemia-se-vendieron-1-500-000-autos-usados-en-2020\/","title":{"rendered":"A pesar de la pandemia, se vendieron 1.500.000 autos usados en 2020"},"content":{"rendered":"<p>&nbsp;<\/p>\n<h5>Seg\u00fan el informe de la C\u00e1mara del Comercio Automotor (CCA), el caudal de transferencias significa una baja del 12,75% comparado con el 2019.<\/h5>\n<p><strong>Las ventas de autos usados alcanzaron 1.500.000 unidades durante el 2020, lo que represent\u00f3 una baja del 12,7% respecto del 2019. Sin embargo, las concesionarias destacan que el sector logr\u00f3 as\u00ed resistir el fuerte impacto de la pandemia sobre la actividad.<\/strong><\/p>\n<p>Seg\u00fan el informe de la C\u00e1mara del Comercio Automotor (CCA), en el 2020 se comercializaron 1.498.239 veh\u00edculos usados, una baja del 12,75% comparado con el 2019, cuando se vendieron 1.717.158 unidades. .<\/p>\n<p><strong>En diciembre se vendieron 141.940 unidades, lo que represent\u00f3 una suba del 1,05% comparado con igual mes del 2019 (140.468 unidades). Si se compara con noviembre (144.994 unidades), la baja fue del 2,11%.<\/strong><\/p>\n<p>Al respecto,\u00a0<strong>el presidente de la entidad, Alberto Pr\u00edncipe, admiti\u00f3 que ante el impacto de la pandemia en el sector pensaron que se producir\u00eda un \u00abterremoto dentro del mercado\u00bb, pero destac\u00f3 que lograron cerrar el a\u00f1o \u00abcon un volumen impensado\u00bb<\/strong>.<\/p>\n<p>\u00ab<strong>Finaliz\u00f3 un 2020 muy dif\u00edcil, complicado por la econom\u00eda y, de yapa, ligamos este virus mundial llamado COVID-19, que termin\u00f3 de romper todos los puentes imaginados<\/strong>\u00ab, explic\u00f3.<\/p>\n<p>De igual manera, destac\u00f3 que la Argentina \u00abes un pa\u00eds que siempre brinda recuperaci\u00f3n y da revancha\u201d. \u201cSi no, miremos la historia y vayamos al 2002, cuando se vendieron apenas 610.000 autos usados\u00bb, dijo.<\/p>\n<p>Ranking de los 10 autos usados m\u00e1s vendidos en 2020 fueron:<\/p>\n<p>1- VW Gol y Trend: 101.291.<\/p>\n<p>2- Chevrolet Corsa y Classic: 60.631.<\/p>\n<p>3- Renault Clio: 41.954.<\/p>\n<p>4- Toyota Hilux: 41.294.<\/p>\n<p>5- Ford Fiesta: 36.535.<\/p>\n<p>6- Fiat Palio: 34.472.<\/p>\n<p>7- EcoSport: 31.206.<\/p>\n<p>8- Ford Ranger: 31.027.<\/p>\n<p>9- Ford Focus: 30.981.<\/p>\n<p>10- Ford Ka: 30.256.<\/p>\n<p>&nbsp;<\/p>\n<p>&nbsp;<\/p>\n","protected":false},"excerpt":{"rendered":"<p>&nbsp; Seg\u00fan el informe de la C\u00e1mara del Comercio Automotor (CCA), el caudal de transferencias significa una baja del 12,75%<\/p>\n","protected":false},"author":1,"featured_media":44375,"comment_status":"closed","ping_status":"closed","sticky":false,"template":"","format":"standard","meta":{"kia_subtitle":"","footnotes":"","jetpack_publicize_message":"","jetpack_publicize_feature_enabled":true,"jetpack_social_post_already_shared":true,"jetpack_social_options":{"image_generator_settings":{"template":"highway","default_image_id":0,"font":"","enabled":false},"version":2}},"categories":[3,41],"tags":[],"class_list":["post-44374","post","type-post","status-publish","format-standard","has-post-thumbnail","hentry","category-actualidad","category-nacionales"],"jetpack_publicize_connections":[],"jetpack_featured_media_url":"https:\/\/laurbedigital.com.ar\/noticias\/wp-content\/uploads\/2021\/01\/20210110-autos-usados.jpg","_links":{"self":[{"href":"https:\/\/laurbedigital.com.ar\/noticias\/wp-json\/wp\/v2\/posts\/44374","targetHints":{"allow":["GET"]}}],"collection":[{"href":"https:\/\/laurbedigital.com.ar\/noticias\/wp-json\/wp\/v2\/posts"}],"about":[{"href":"https:\/\/laurbedigital.com.ar\/noticias\/wp-json\/wp\/v2\/types\/post"}],"author":[{"embeddable":true,"href":"https:\/\/laurbedigital.com.ar\/noticias\/wp-json\/wp\/v2\/users\/1"}],"replies":[{"embeddable":true,"href":"https:\/\/laurbedigital.com.ar\/noticias\/wp-json\/wp\/v2\/comments?post=44374"}],"version-history":[{"count":2,"href":"https:\/\/laurbedigital.com.ar\/noticias\/wp-json\/wp\/v2\/posts\/44374\/revisions"}],"predecessor-version":[{"id":44377,"href":"https:\/\/laurbedigital.com.ar\/noticias\/wp-json\/wp\/v2\/posts\/44374\/revisions\/44377"}],"wp:featuredmedia":[{"embeddable":true,"href":"https:\/\/laurbedigital.com.ar\/noticias\/wp-json\/wp\/v2\/media\/44375"}],"wp:attachment":[{"href":"https:\/\/laurbedigital.com.ar\/noticias\/wp-json\/wp\/v2\/media?parent=44374"}],"wp:term":[{"taxonomy":"category","embeddable":true,"href":"https:\/\/laurbedigital.com.ar\/noticias\/wp-json\/wp\/v2\/categories?post=44374"},{"taxonomy":"post_tag","embeddable":true,"href":"https:\/\/laurbedigital.com.ar\/noticias\/wp-json\/wp\/v2\/tags?post=44374"}],"curies":[{"name":"wp","href":"https:\/\/api.w.org\/{rel}","templated":true}]}}