{"id":44310,"date":"2021-01-09T16:23:12","date_gmt":"2021-01-09T19:23:12","guid":{"rendered":"https:\/\/laurbedigital.com.ar\/noticias\/?p=44310"},"modified":"2021-01-09T16:23:12","modified_gmt":"2021-01-09T19:23:12","slug":"soledad-silveira-sufrio-un-acv-y-debio-ser-internada-en-el-sanatorio-otamendi","status":"publish","type":"post","link":"https:\/\/laurbedigital.com.ar\/noticias\/2021\/01\/09\/soledad-silveira-sufrio-un-acv-y-debio-ser-internada-en-el-sanatorio-otamendi\/","title":{"rendered":"Soledad Silveira sufri\u00f3 un ACV y debi\u00f3 ser internada en el Sanatorio Otamendi"},"content":{"rendered":"<p>&nbsp;<\/p>\n<h5>La reconocida artista, una de las figuras emblem\u00e1ticas de la televisi\u00f3n, el cine y el teatro en nuestro pa\u00eds, sufri\u00f3 la obstrucci\u00f3n de una car\u00f3tida durante el viernes.<\/h5>\n<p>La actriz\u00a0<strong>Soledad Silveyra sufri\u00f3 un accidente cerebrovascular y debi\u00f3 ser internada en el Sanatorio Otamendi, en el barrio porte\u00f1o de Recoleta.<\/strong>\u00a0Seg\u00fan se pudo conocer, la reconocida artista, de 68 a\u00f1os, sufri\u00f3 la\u00a0<strong>obstrucci\u00f3n de una car\u00f3tida.<\/strong><\/p>\n<p>Silveyra, de destacada trayectoria en televisi\u00f3n, cine y teatro,\u00a0<strong>hab\u00eda participado el pasado lunes del programa Los Mammones, en el canal Am\u00e9rica.\u00a0<\/strong>Tras sentir s\u00edntomas compatibles con un accidente cerebrovascular en la tarde del pasado viernes, la artista fue inmediatamente trasladada al centro de salud porte\u00f1o, en donde los m\u00e9dicos confirmaron el diagn\u00f3stico y decidieron que quedara internada.<\/p>\n<p><strong>Soledad Silveyra\u00a0<\/strong>protagoniz\u00f3 grandes \u00e9xitos de la pantalla chica, como\u00a0<strong>Rolando Rivas, taxista<\/strong>,\u00a0<strong>Vidas Robadas,<\/strong>\u00a0<strong>Campeones de la Vida\u00a0<\/strong>o\u00a0<strong>Amor en Custodia<\/strong>. Tiene una extensa trayectoria en el teatro y en el cine, trabajos que recibieron el reconocimiento del p\u00fablico y la cr\u00edtica, lo que la hizo merecedora de varios premios. En su carrera, tambi\u00e9n tuvo su incursi\u00f3n en la m\u00fasica (de hecho,\u00a0<strong>grab\u00f3 un pu\u00f1ado de discos<\/strong>) y fue conductora de las primeras tres ediciones argentinas del reality show<strong>\u00a0Gran Hermano<\/strong>.<\/p>\n<p>En horas de la tarde del s\u00e1bado, la actriz utiliz\u00f3 su cuenta de Twitter para llevar tranquilidad a sus seguidores.\u00a0<em><strong>\u00abGracias a todos por la enorme demostraci\u00f3n de cari\u00f1o. Gracias a Dios estoy bien\u00bb<\/strong>,<\/em> escribi\u00f3.<\/p>\n<blockquote class=\"twitter-tweet\">\n<p dir=\"ltr\" lang=\"es\">Gracias a todos por la enorme demostraci\u00f3n de cari\u00f1o. Gracias a Dios estoy bien. Muchas gracias!<\/p>\n<p>\u2014 Soledad Silveyra (@valientesoledad) <a href=\"https:\/\/twitter.com\/valientesoledad\/status\/1347960466065264641?ref_src=twsrc%5Etfw\" target=\"_blank\" rel=\"noopener\">January 9, 2021<\/a><\/p><\/blockquote>\n<p><script async src=\"https:\/\/platform.twitter.com\/widgets.js\" charset=\"utf-8\"><\/script><\/p>\n<p>&nbsp;<\/p>\n","protected":false},"excerpt":{"rendered":"<p>&nbsp; La reconocida artista, una de las figuras emblem\u00e1ticas de la televisi\u00f3n, el cine y el teatro en nuestro pa\u00eds,<\/p>\n","protected":false},"author":1,"featured_media":44311,"comment_status":"closed","ping_status":"closed","sticky":false,"template":"","format":"standard","meta":{"kia_subtitle":"","footnotes":"","jetpack_publicize_message":"","jetpack_publicize_feature_enabled":true,"jetpack_social_post_already_shared":true,"jetpack_social_options":{"image_generator_settings":{"template":"highway","default_image_id":0,"font":"","enabled":false},"version":2}},"categories":[68],"tags":[],"class_list":["post-44310","post","type-post","status-publish","format-standard","has-post-thumbnail","hentry","category-cine-y-series"],"jetpack_publicize_connections":[],"jetpack_featured_media_url":"https:\/\/laurbedigital.com.ar\/noticias\/wp-content\/uploads\/2021\/01\/20210109-soledad-silveira.jpg","_links":{"self":[{"href":"https:\/\/laurbedigital.com.ar\/noticias\/wp-json\/wp\/v2\/posts\/44310","targetHints":{"allow":["GET"]}}],"collection":[{"href":"https:\/\/laurbedigital.com.ar\/noticias\/wp-json\/wp\/v2\/posts"}],"about":[{"href":"https:\/\/laurbedigital.com.ar\/noticias\/wp-json\/wp\/v2\/types\/post"}],"author":[{"embeddable":true,"href":"https:\/\/laurbedigital.com.ar\/noticias\/wp-json\/wp\/v2\/users\/1"}],"replies":[{"embeddable":true,"href":"https:\/\/laurbedigital.com.ar\/noticias\/wp-json\/wp\/v2\/comments?post=44310"}],"version-history":[{"count":2,"href":"https:\/\/laurbedigital.com.ar\/noticias\/wp-json\/wp\/v2\/posts\/44310\/revisions"}],"predecessor-version":[{"id":44313,"href":"https:\/\/laurbedigital.com.ar\/noticias\/wp-json\/wp\/v2\/posts\/44310\/revisions\/44313"}],"wp:featuredmedia":[{"embeddable":true,"href":"https:\/\/laurbedigital.com.ar\/noticias\/wp-json\/wp\/v2\/media\/44311"}],"wp:attachment":[{"href":"https:\/\/laurbedigital.com.ar\/noticias\/wp-json\/wp\/v2\/media?parent=44310"}],"wp:term":[{"taxonomy":"category","embeddable":true,"href":"https:\/\/laurbedigital.com.ar\/noticias\/wp-json\/wp\/v2\/categories?post=44310"},{"taxonomy":"post_tag","embeddable":true,"href":"https:\/\/laurbedigital.com.ar\/noticias\/wp-json\/wp\/v2\/tags?post=44310"}],"curies":[{"name":"wp","href":"https:\/\/api.w.org\/{rel}","templated":true}]}}