{"id":44301,"date":"2021-01-09T11:02:33","date_gmt":"2021-01-09T14:02:33","guid":{"rendered":"https:\/\/laurbedigital.com.ar\/noticias\/?p=44301"},"modified":"2021-01-09T11:02:33","modified_gmt":"2021-01-09T14:02:33","slug":"de-que-se-trata-la-nueva-ayuda-de-8-500","status":"publish","type":"post","link":"https:\/\/laurbedigital.com.ar\/noticias\/2021\/01\/09\/de-que-se-trata-la-nueva-ayuda-de-8-500\/","title":{"rendered":"De qu\u00e9 se trata la nueva ayuda de $8.500\u00a0"},"content":{"rendered":"<div class=\"article-title\">\n<p>&nbsp;<\/p>\n<h5 class=\"title\"><span style=\"font-size: 16px;\">Luego de que el gobierno anunciara la eliminaci\u00f3n del IFE, el ministerio de desarrollo social lanz\u00f3 una nueva alternativa para ayudar a las personas m\u00e1s vulnerables.<\/span><\/h5>\n<p>Antes de finalizar el 2020, Arroyo anunci\u00f3 un nuevo programa: \u00abEl plan Inclusi\u00f3n Joven\u00bb, que se trata de ayudar a los j\u00f3venes desocupados que tienen dificultad para acceder a un\u00a0<strong>empleo<\/strong>.\u00a0<em><strong>\u00abLa situaci\u00f3n social es cr\u00edtica: aument\u00f3 la pobreza, la desocupaci\u00f3n y los j\u00f3venes tienen problemas para acceder al empleo\u00bb<\/strong>,<\/em> por lo que Arroyo resalt\u00f3 que existen medidas que est\u00e1n\u00a0<em><strong>\u00abamortiguando esta realidad, como el plan Potenciar Joven\u00bb<\/strong>.<\/em><\/p>\n<h2>\u00bfDe qu\u00e9 se trata?<\/h2>\n<ul>\n<li><strong>No es un plan social: l<\/strong>os j\u00f3venes presentar\u00e1n sus proyectos y los que fueron aprobados se llevar\u00e1n a cabo.<\/li>\n<li>Se incluir\u00edan a j\u00f3venes entre 18 y 29 a\u00f1os<\/li>\n<li>El monto de esta beca es de hasta $8500 mensuales<strong>\u00a0por 12 meses<\/strong>\u00a0y, a trav\u00e9s de distintos convenios celebrados con municipios, provincias e instituciones de la sociedad civil, se apunta al financiamiento de proyectos socioproductivos, sociolaborales y sociocomunitarios.<\/li>\n<\/ul>\n<h2>\u00bfComo inscribirse?<\/h2>\n<ul>\n<li>La inscripci\u00f3n ser\u00e1 v\u00eda email: inclusionjoven@desarrollosocial.gob.ar<\/li>\n<li>Una vez que hayan sido seleccionados, deben dirigirse a algunas de las organizaciones para continuar la inscripci\u00f3n.<\/li>\n<\/ul>\n<p>Se precis\u00f3 desde Desarrollo Social, el programa Potenciar Joven\u00a0<em><strong>\u00abbusca elaborar mecanismos comunitarios para el acompa\u00f1amiento a j\u00f3venes en situaci\u00f3n de vulnerabilidad, propiciando su acceso a recursos que garanticen sus derechos\u00bb<\/strong>.<\/em><\/p>\n<\/div>\n<p>&nbsp;<\/p>\n","protected":false},"excerpt":{"rendered":"<p>&nbsp; Luego de que el gobierno anunciara la eliminaci\u00f3n del IFE, el ministerio de desarrollo social lanz\u00f3 una nueva alternativa<\/p>\n","protected":false},"author":1,"featured_media":44302,"comment_status":"closed","ping_status":"closed","sticky":false,"template":"","format":"standard","meta":{"kia_subtitle":"","footnotes":"","jetpack_publicize_message":"","jetpack_publicize_feature_enabled":true,"jetpack_social_post_already_shared":true,"jetpack_social_options":{"image_generator_settings":{"template":"highway","default_image_id":0,"font":"","enabled":false},"version":2}},"categories":[3,41],"tags":[],"class_list":["post-44301","post","type-post","status-publish","format-standard","has-post-thumbnail","hentry","category-actualidad","category-nacionales"],"jetpack_publicize_connections":[],"jetpack_featured_media_url":"https:\/\/laurbedigital.com.ar\/noticias\/wp-content\/uploads\/2021\/01\/20210109-ayuda-cajero-automatico-dinero-plata.jpg","_links":{"self":[{"href":"https:\/\/laurbedigital.com.ar\/noticias\/wp-json\/wp\/v2\/posts\/44301","targetHints":{"allow":["GET"]}}],"collection":[{"href":"https:\/\/laurbedigital.com.ar\/noticias\/wp-json\/wp\/v2\/posts"}],"about":[{"href":"https:\/\/laurbedigital.com.ar\/noticias\/wp-json\/wp\/v2\/types\/post"}],"author":[{"embeddable":true,"href":"https:\/\/laurbedigital.com.ar\/noticias\/wp-json\/wp\/v2\/users\/1"}],"replies":[{"embeddable":true,"href":"https:\/\/laurbedigital.com.ar\/noticias\/wp-json\/wp\/v2\/comments?post=44301"}],"version-history":[{"count":2,"href":"https:\/\/laurbedigital.com.ar\/noticias\/wp-json\/wp\/v2\/posts\/44301\/revisions"}],"predecessor-version":[{"id":44304,"href":"https:\/\/laurbedigital.com.ar\/noticias\/wp-json\/wp\/v2\/posts\/44301\/revisions\/44304"}],"wp:featuredmedia":[{"embeddable":true,"href":"https:\/\/laurbedigital.com.ar\/noticias\/wp-json\/wp\/v2\/media\/44302"}],"wp:attachment":[{"href":"https:\/\/laurbedigital.com.ar\/noticias\/wp-json\/wp\/v2\/media?parent=44301"}],"wp:term":[{"taxonomy":"category","embeddable":true,"href":"https:\/\/laurbedigital.com.ar\/noticias\/wp-json\/wp\/v2\/categories?post=44301"},{"taxonomy":"post_tag","embeddable":true,"href":"https:\/\/laurbedigital.com.ar\/noticias\/wp-json\/wp\/v2\/tags?post=44301"}],"curies":[{"name":"wp","href":"https:\/\/api.w.org\/{rel}","templated":true}]}}