{"id":4418,"date":"2016-07-19T23:18:58","date_gmt":"2016-07-20T02:18:58","guid":{"rendered":"http:\/\/laurbedigital.com.ar\/noticias\/?p=4418"},"modified":"2016-07-19T23:18:58","modified_gmt":"2016-07-20T02:18:58","slug":"desarrollan-sistema-para-la-fabricacion-de-protesis-y-ortesis-accesibles-para-la-poblacion","status":"publish","type":"post","link":"https:\/\/laurbedigital.com.ar\/noticias\/2016\/07\/19\/desarrollan-sistema-para-la-fabricacion-de-protesis-y-ortesis-accesibles-para-la-poblacion\/","title":{"rendered":"Desarrollan sistema para la fabricaci\u00f3n de pr\u00f3tesis y ortesis accesibles para la poblaci\u00f3n"},"content":{"rendered":"<p>Con el objetivo de facilitar la fabricaci\u00f3n de estos dispositivos en todo el pa\u00eds, especialistas del Centro INTI-Tecnolog\u00edas para la Salud y Discapacidad desarrollaron un sistema para instalar de forma r\u00e1pida y econ\u00f3mica talleres en instituciones p\u00fablicas de salud. Los talleres se pueden montar en espacios f\u00edsicos menores a 120 metros cuadrados y con inversiones que no superan los 30 mil pesos.<\/p>\n<p>El acceso a ortesis y pr\u00f3tesis es la primera barrera que un paciente con problemas de movilidad tiene que vencer para poder obtener alg\u00fan grado de independencia. Estos procesos suelen ser engorrosos porque la mayor\u00eda de los centros de salud del pa\u00eds no cuentan con talleres que realicen estos dispositivos en el lugar.<\/p>\n<p>\u201cPara realizar una pr\u00f3tesis u ortesis primero se deben tomar las medidas del miembro del paciente donde se va a colocar el dispositivo. En los casos en los que su fabricaci\u00f3n se deba enviar a otra localidad del pa\u00eds, el proceso demora varios meses y puede llegar a ser muy perjudicial para el usuario\u201d, se\u00f1ala el protesista del Centro INTI-Tecnolog\u00edas para la Salud y la Discapacidad, Daniel Su\u00e1rez.<\/p>\n<p>\u201cLa demora entre la toma de la muestra y la adquisici\u00f3n del dispositivo es m\u00e1s grave en el caso de los ni\u00f1os, porque puede generar malformaciones. Al estar en edad de crecimiento, cuando reciben el equipo que necesitan las dimensiones de su cuerpo pueden ser muy diferentes a las que ten\u00edan al momento de tomar sus medidas\u201d, advierte Su\u00e1rez.<\/p>\n<p>Para resolver esta problem\u00e1tica, desde el Centro desarrollaron un sistema de bajo costo que permite instalar talleres de ortesis y pr\u00f3tesis en hospitales p\u00fablicos.<\/p>\n<p>Este sistema permite realizar los dispositivos en el ambiente hospitalario y con personal especializado para ese fin. Su\u00e1rez explica que el costo es \u00ednfimo con respecto a los beneficios que aporta al sistema de salud, ya que el espacio f\u00edsico necesario para montar el taller no supera los 120 metros cuadrados y la maquinaria que se requiere no alcanza los 30 mil pesos (valor a julio de 2016). \u201cLlevamos la tecnolog\u00eda a dos elementos b\u00e1sicos: un horno y una bomba de vac\u00edo. Con ellos podemos comenzar a trabajar en el territorio\u201d, relata Su\u00e1rez.<\/p>\n<p>Adem\u00e1s de asesorar en la adquisici\u00f3n de maquinaria para los talleres, el INTI capacita a profesionales para que realicen los dispositivos. \u201cSiempre es necesario que haya un m\u00e9dico para que seleccione, clasifique y prescriba el tratamiento adecuado seg\u00fan la necesidad del paciente. Luego se requieren especialistas vinculados con la kinesiolog\u00eda, enfermer\u00eda o terapia ocupacional\u201d, se\u00f1ala el protesista del Centro.<\/p>\n<p>Las capacitaciones que realizan los profesionales del INTI se dividen en tres niveles, seg\u00fan la complejidad de pacientes que recurren a cada establecimiento. \u201cEl primer nivel est\u00e1 orientado a que los profesionales puedan desarrollar ortesis sencillas, sin elementos de movimiento. En el segundo se aborda la fabricaci\u00f3n de pr\u00f3tesis con movimiento y elementos m\u00f3viles. En tanto que en el \u00faltimo se estudia la elaboraci\u00f3n de ortesis m\u00e1s complejas, donde deben ya reemplazarse por ejemplo el pie o\u00a0la rodilla\u201d, detalla Su\u00e1rez.<\/p>\n<p>Mediante esta asistencia, el INTI ya instal\u00f3 talleres en la localidad de Santo Tom\u00e9, Corrientes; R\u00edo Grande, Tierra del Fuego; 9 de Julio y Malvinas Argentinas, Buenos Aires; R\u00edo Gallegos; provincia de Catamarca; y en el Hospital Lencinas de Mendoza.\u00bbEn total hemos dictado 30 talleres te\u00f3rico-pr\u00e1cticos, en los que se desarrollaron pr\u00f3tesis y ortesis para m\u00e1s de 200 pacientes. Este equipamiento est\u00e1 dirigido a personas de bajos recursos y quienes han tenido demoras en su recepci\u00f3n\u00bb, destaca Rafael Kohanoff, director del Centro de Tecnolog\u00edas para la Salud y la Discapacidad.<\/p>\n<p>Seg\u00fan un estudio de la Organizaci\u00f3n Mundial de la Salud (OMS), entre 2015 y 2017 habr\u00e1 en Am\u00e9rica 144 millones de personas con alg\u00fan tipo de discapacidad y el 0,5% de la poblaci\u00f3n necesitar\u00e1 un equipo para rehabilitarse. En este contexto, poder brindar soluciones que mejoren la calidad de vida de los pacientes de forma r\u00e1pida y sencilla resulta fundamental.<\/p>\n","protected":false},"excerpt":{"rendered":"<p>Con el objetivo de facilitar la fabricaci\u00f3n de estos dispositivos en todo el pa\u00eds, especialistas del Centro INTI-Tecnolog\u00edas para la<\/p>\n","protected":false},"author":1,"featured_media":4419,"comment_status":"closed","ping_status":"closed","sticky":false,"template":"","format":"standard","meta":{"kia_subtitle":"","footnotes":"","jetpack_publicize_message":"","jetpack_publicize_feature_enabled":true,"jetpack_social_post_already_shared":true,"jetpack_social_options":{"image_generator_settings":{"template":"highway","default_image_id":0,"font":"","enabled":false},"version":2}},"categories":[6],"tags":[],"class_list":["post-4418","post","type-post","status-publish","format-standard","has-post-thumbnail","hentry","category-tecnologia"],"jetpack_publicize_connections":[],"jetpack_featured_media_url":"https:\/\/laurbedigital.com.ar\/noticias\/wp-content\/uploads\/2016\/07\/20160720-tecno.jpg","_links":{"self":[{"href":"https:\/\/laurbedigital.com.ar\/noticias\/wp-json\/wp\/v2\/posts\/4418","targetHints":{"allow":["GET"]}}],"collection":[{"href":"https:\/\/laurbedigital.com.ar\/noticias\/wp-json\/wp\/v2\/posts"}],"about":[{"href":"https:\/\/laurbedigital.com.ar\/noticias\/wp-json\/wp\/v2\/types\/post"}],"author":[{"embeddable":true,"href":"https:\/\/laurbedigital.com.ar\/noticias\/wp-json\/wp\/v2\/users\/1"}],"replies":[{"embeddable":true,"href":"https:\/\/laurbedigital.com.ar\/noticias\/wp-json\/wp\/v2\/comments?post=4418"}],"version-history":[{"count":1,"href":"https:\/\/laurbedigital.com.ar\/noticias\/wp-json\/wp\/v2\/posts\/4418\/revisions"}],"predecessor-version":[{"id":4420,"href":"https:\/\/laurbedigital.com.ar\/noticias\/wp-json\/wp\/v2\/posts\/4418\/revisions\/4420"}],"wp:featuredmedia":[{"embeddable":true,"href":"https:\/\/laurbedigital.com.ar\/noticias\/wp-json\/wp\/v2\/media\/4419"}],"wp:attachment":[{"href":"https:\/\/laurbedigital.com.ar\/noticias\/wp-json\/wp\/v2\/media?parent=4418"}],"wp:term":[{"taxonomy":"category","embeddable":true,"href":"https:\/\/laurbedigital.com.ar\/noticias\/wp-json\/wp\/v2\/categories?post=4418"},{"taxonomy":"post_tag","embeddable":true,"href":"https:\/\/laurbedigital.com.ar\/noticias\/wp-json\/wp\/v2\/tags?post=4418"}],"curies":[{"name":"wp","href":"https:\/\/api.w.org\/{rel}","templated":true}]}}