{"id":44130,"date":"2021-01-07T11:13:13","date_gmt":"2021-01-07T14:13:13","guid":{"rendered":"https:\/\/laurbedigital.com.ar\/noticias\/?p=44130"},"modified":"2021-01-07T17:10:17","modified_gmt":"2021-01-07T20:10:17","slug":"44130","status":"publish","type":"post","link":"https:\/\/laurbedigital.com.ar\/noticias\/2021\/01\/07\/44130\/","title":{"rendered":"Prisi\u00f3n preventiva para Fabi\u00e1n Tablado por violar las perimetrales del padre de Al\u00f3 y de sus hijas"},"content":{"rendered":"<h5><\/h5>\n<h5>Un juez de Garant\u00edas de San Isidro dict\u00f3 hoy la prisi\u00f3n preventiva para Fabi\u00e1n Tablado, el femicida que en 1996 asesin\u00f3 de 113 pu\u00f1aladas a su novia Carolina Al\u00f3, por violar dos restricciones perimetrales que ten\u00eda con el padre de la v\u00edctima y con sus hijas mellizas, informaron fuentes judiciales.<\/h5>\n<p>La medida fue tomada por el juez de Garant\u00edas 2 de San Isidro, Orlando D\u00edaz, a pedido del fiscal de Rinc\u00f3n de Milberg, Sebasti\u00e1n Fitipaldi, luego de que el padre de Carolina Al\u00f3, Edgardo, denunciara que el 19 de octubre \u00faltimo Tablado pas\u00f3 caminando junto a sus hijas mellizas por el puente Sacriste, a 150 metros de su lugar de su lugar de trabajo, en la Direcci\u00f3n Nacional de Migraciones de Tigre.<\/p>\n<p>\u201cEstamos a la espera que el fiscal pida fecha para el juicio oral y p\u00fablico. Ya me dijo que no va a aceptar ning\u00fan juicio abreviado. Vamos a pedir el m\u00e1ximo, que es un a\u00f1o de prisi\u00f3n por los antecedentes peligrosos\u201d, dijo a T\u00e9lam Edgardo Al\u00f3.<\/p>\n<p>El padre de Carolina Al\u00f3 asegur\u00f3 estar \u201cconforme\u201d con las actuaciones de los fiscales Fitipaldi y Diego Callegari, a cargo de la fiscal\u00eda de Violencia de G\u00e9nero, quienes \u201cactuaron con mucha celeridad\u201d tras la denuncia.<\/p>\n<p>\u201cAhora (Tablado) est\u00e1 preso y esperemos que por lo menos un a\u00f1o no pueda salir\u201d, concluy\u00f3 Al\u00f3.<\/p>\n<p>Tablado se encuentra detenido desde el 16 de diciembre pasado en la comisar\u00eda de General Pacheco, pero ahora, tras el fallo, ser\u00e1 trasladado a una unidad penitenciaria.<\/p>\n<p>El paso del femicida por el puente Sacriste qued\u00f3 registrado por una de las c\u00e1maras del Centro de Operaciones Tigre.<\/p>\n<p>En las im\u00e1genes se ve a Tablado con barbijo, lentes oscuros, bermuda y una remera azul, cruzando el puente y caminando junto a dos ni\u00f1as rumbo a la helader\u00eda \u00abDaniel\u00bb, ubicada sobre avenida Del Libertador al 100 de Tigre.<\/p>\n<p>La perimetral que viol\u00f3 hab\u00eda sido dictada por la jueza de Familia 2 de Tigre, Silvia Sendra, el 6 de marzo pasado, a una semana de que el exconvicto recuperara su libertad del penal de Campana, luego de pasar casi 24 a\u00f1os preso por el crimen de Carolina.<\/p>\n<p>La jueza le impuso a Tablado la prohibici\u00f3n de acercarse a menos de 500 metros del domicilio y del lugar laboral de Al\u00f3, a\u00fan en su ausencia.<\/p>\n<p>Pero, adem\u00e1s, ten\u00eda otra perimetral -la que lo obligaba a usar una tobillera electr\u00f3nica- impuesta por la misma jueza de familia para que no se acerque a menos de 300 metros de su exmujer, Roxana Villarejo -con quien se cas\u00f3 en la c\u00e1rcel en 2007, luego se separ\u00f3 y amenaz\u00f3 de muerte, hecho que le vali\u00f3 una segunda condena- y que tambi\u00e9n inclu\u00eda a sus hijas.<\/p>\n<p>Por ello, cuando Tablado fue indagado, el fiscal de Violencia de G\u00e9nero de Tigre, Callegari, le imput\u00f3 no s\u00f3lo la desobediencia por incumplir la perimetral con Al\u00f3, sino tambi\u00e9n la de sus hijas.<\/p>\n<p>En esa indagatoria, Tablado se defendi\u00f3 diciendo que s\u00f3lo le hab\u00edan notificado los domicilios particulares de Al\u00f3 y sus parientes, pero que desconoc\u00eda cu\u00e1l era el laboral de su exsuegro.<\/p>\n<p>Tambi\u00e9n, dijo que tiene \u00abuna excelente relaci\u00f3n con la madre de las nenas\u00bb y que, ese 19 de octubre, el encuentro con sus hijas se dio de com\u00fan acuerdo con su exmujer y con la supervisi\u00f3n de su suegra.<\/p>\n<p>&nbsp;<\/p>\n","protected":false},"excerpt":{"rendered":"<p>Un juez de Garant\u00edas de San Isidro dict\u00f3 hoy la prisi\u00f3n preventiva para Fabi\u00e1n Tablado, el femicida que en 1996<\/p>\n","protected":false},"author":1,"featured_media":44131,"comment_status":"closed","ping_status":"closed","sticky":false,"template":"","format":"standard","meta":{"kia_subtitle":"","footnotes":"","jetpack_publicize_message":"","jetpack_publicize_feature_enabled":true,"jetpack_social_post_already_shared":true,"jetpack_social_options":{"image_generator_settings":{"template":"highway","default_image_id":0,"font":"","enabled":false},"version":2}},"categories":[8],"tags":[],"class_list":["post-44130","post","type-post","status-publish","format-standard","has-post-thumbnail","hentry","category-policiales"],"jetpack_publicize_connections":[],"jetpack_featured_media_url":"https:\/\/laurbedigital.com.ar\/noticias\/wp-content\/uploads\/2021\/01\/20210107-policial.jpg","_links":{"self":[{"href":"https:\/\/laurbedigital.com.ar\/noticias\/wp-json\/wp\/v2\/posts\/44130","targetHints":{"allow":["GET"]}}],"collection":[{"href":"https:\/\/laurbedigital.com.ar\/noticias\/wp-json\/wp\/v2\/posts"}],"about":[{"href":"https:\/\/laurbedigital.com.ar\/noticias\/wp-json\/wp\/v2\/types\/post"}],"author":[{"embeddable":true,"href":"https:\/\/laurbedigital.com.ar\/noticias\/wp-json\/wp\/v2\/users\/1"}],"replies":[{"embeddable":true,"href":"https:\/\/laurbedigital.com.ar\/noticias\/wp-json\/wp\/v2\/comments?post=44130"}],"version-history":[{"count":4,"href":"https:\/\/laurbedigital.com.ar\/noticias\/wp-json\/wp\/v2\/posts\/44130\/revisions"}],"predecessor-version":[{"id":44161,"href":"https:\/\/laurbedigital.com.ar\/noticias\/wp-json\/wp\/v2\/posts\/44130\/revisions\/44161"}],"wp:featuredmedia":[{"embeddable":true,"href":"https:\/\/laurbedigital.com.ar\/noticias\/wp-json\/wp\/v2\/media\/44131"}],"wp:attachment":[{"href":"https:\/\/laurbedigital.com.ar\/noticias\/wp-json\/wp\/v2\/media?parent=44130"}],"wp:term":[{"taxonomy":"category","embeddable":true,"href":"https:\/\/laurbedigital.com.ar\/noticias\/wp-json\/wp\/v2\/categories?post=44130"},{"taxonomy":"post_tag","embeddable":true,"href":"https:\/\/laurbedigital.com.ar\/noticias\/wp-json\/wp\/v2\/tags?post=44130"}],"curies":[{"name":"wp","href":"https:\/\/api.w.org\/{rel}","templated":true}]}}