{"id":43953,"date":"2021-01-04T10:33:42","date_gmt":"2021-01-04T13:33:42","guid":{"rendered":"https:\/\/laurbedigital.com.ar\/noticias\/?p=43953"},"modified":"2021-01-04T10:33:42","modified_gmt":"2021-01-04T13:33:42","slug":"el-gobierno-oficializo-la-ley-de-movilidad-jubilatoria","status":"publish","type":"post","link":"https:\/\/laurbedigital.com.ar\/noticias\/2021\/01\/04\/el-gobierno-oficializo-la-ley-de-movilidad-jubilatoria\/","title":{"rendered":"El Gobierno oficializ\u00f3 la ley de movilidad jubilatoria"},"content":{"rendered":"<div class=\"article-title\">\n<p>&nbsp;<\/p>\n<h5 class=\"title\">El Gobierno promulg\u00f3 este lunes la ley con la que el Congreso cre\u00f3 la nueva f\u00f3rmula de movilidad jubilatoria.<\/h5>\n<p class=\"title\">A trav\u00e9s del Decreto 1\/2021 publicado este lunes en el Bolet\u00edn Oficial, el Gobierno nacional promulg\u00f3 este lunes la Ley N\u00ba 27.609 con la que el Congreso cre\u00f3 la\u00a0<strong>nueva f\u00f3rmula de movilidad jubilatoria<\/strong>\u00a0que impuls\u00f3 el oficialismo a instancias del Poder Ejecutivo.<\/p>\n<\/div>\n<div class=\"article-sub-title \">\n<p>La Administraci\u00f3n Nacional de la Seguridad Social (ANSES) elaborar\u00e1 y aprobar\u00e1 el \u00edndice trimestral de la movilidad y realizar\u00e1 su posterior publicaci\u00f3n, dice la ley que fue sancionada en diciembre por el Congreso.<\/p>\n<p>As\u00ed,<strong>\u00a0desde marzo las jubilaciones se actualizar\u00e1n con una f\u00f3rmula que combina en un 50% la recaudaci\u00f3n de la Anses y en otro 50% la variaci\u00f3n salarial<\/strong>, surgida de la que resulte m\u00e1s alta entre las medidas por el Indec y por el Ministerio de Trabajo, esta \u00faltima en base al \u00edndice de Remuneraci\u00f3n Imponible Promedio de los Trabajadores Estables (Ripte).<\/p>\n<p>La ley estableci\u00f3 que la movilidad dispuesta en el art\u00edculo 32 de la ley 24.241 (del a\u00f1o 1993) y sus modificaciones resultar\u00e1 de aplicaci\u00f3n en las prestaciones acordadas al amparo de los reg\u00edmenes especiales, a las que no se les aplique un incremento espec\u00edfico.<\/p>\n<p>El nuevo indicador de ajuste trimestral ser\u00e1 usado para actualizar los ingresos de 18 millones de personas, entre las que perciben jubilaciones, pensiones, la\u00a0<strong>Asignaci\u00f3n Universal por Hijo (AUH),<\/strong>\u00a0asignaciones familiares, pensiones no contributivas, y pensi\u00f3n al adulto mayor.<\/p>\n<\/div>\n<p>&nbsp;<\/p>\n<p>&nbsp;<\/p>\n","protected":false},"excerpt":{"rendered":"<p>&nbsp; El Gobierno promulg\u00f3 este lunes la ley con la que el Congreso cre\u00f3 la nueva f\u00f3rmula de movilidad jubilatoria.<\/p>\n","protected":false},"author":1,"featured_media":43954,"comment_status":"closed","ping_status":"closed","sticky":false,"template":"","format":"standard","meta":{"kia_subtitle":"","footnotes":"","jetpack_publicize_message":"","jetpack_publicize_feature_enabled":true,"jetpack_social_post_already_shared":true,"jetpack_social_options":{"image_generator_settings":{"template":"highway","default_image_id":0,"font":"","enabled":false},"version":2}},"categories":[3,41],"tags":[],"class_list":["post-43953","post","type-post","status-publish","format-standard","has-post-thumbnail","hentry","category-actualidad","category-nacionales"],"jetpack_publicize_connections":[],"jetpack_featured_media_url":"https:\/\/laurbedigital.com.ar\/noticias\/wp-content\/uploads\/2021\/01\/20210103-jubilados.jpg","_links":{"self":[{"href":"https:\/\/laurbedigital.com.ar\/noticias\/wp-json\/wp\/v2\/posts\/43953","targetHints":{"allow":["GET"]}}],"collection":[{"href":"https:\/\/laurbedigital.com.ar\/noticias\/wp-json\/wp\/v2\/posts"}],"about":[{"href":"https:\/\/laurbedigital.com.ar\/noticias\/wp-json\/wp\/v2\/types\/post"}],"author":[{"embeddable":true,"href":"https:\/\/laurbedigital.com.ar\/noticias\/wp-json\/wp\/v2\/users\/1"}],"replies":[{"embeddable":true,"href":"https:\/\/laurbedigital.com.ar\/noticias\/wp-json\/wp\/v2\/comments?post=43953"}],"version-history":[{"count":1,"href":"https:\/\/laurbedigital.com.ar\/noticias\/wp-json\/wp\/v2\/posts\/43953\/revisions"}],"predecessor-version":[{"id":43955,"href":"https:\/\/laurbedigital.com.ar\/noticias\/wp-json\/wp\/v2\/posts\/43953\/revisions\/43955"}],"wp:featuredmedia":[{"embeddable":true,"href":"https:\/\/laurbedigital.com.ar\/noticias\/wp-json\/wp\/v2\/media\/43954"}],"wp:attachment":[{"href":"https:\/\/laurbedigital.com.ar\/noticias\/wp-json\/wp\/v2\/media?parent=43953"}],"wp:term":[{"taxonomy":"category","embeddable":true,"href":"https:\/\/laurbedigital.com.ar\/noticias\/wp-json\/wp\/v2\/categories?post=43953"},{"taxonomy":"post_tag","embeddable":true,"href":"https:\/\/laurbedigital.com.ar\/noticias\/wp-json\/wp\/v2\/tags?post=43953"}],"curies":[{"name":"wp","href":"https:\/\/api.w.org\/{rel}","templated":true}]}}