{"id":43461,"date":"2020-12-28T09:40:55","date_gmt":"2020-12-28T12:40:55","guid":{"rendered":"https:\/\/laurbedigital.com.ar\/noticias\/?p=43461"},"modified":"2020-12-28T15:09:25","modified_gmt":"2020-12-28T18:09:25","slug":"a-seis-anos-del-crimen-de-lola-esperan-que-la-fiscalia-pida-condena-para-el-unico-detenido","status":"publish","type":"post","link":"https:\/\/laurbedigital.com.ar\/noticias\/2020\/12\/28\/a-seis-anos-del-crimen-de-lola-esperan-que-la-fiscalia-pida-condena-para-el-unico-detenido\/","title":{"rendered":"A seis a\u00f1os del crimen de Lola, esperan que la fiscal\u00eda pida condena para el \u00fanico detenido"},"content":{"rendered":"<p>&nbsp;<\/p>\n<h5>Mientras sigue la investigaci\u00f3n para identificar al otro hombre que se cree particip\u00f3 del homicidio, la familia de la adolescente asesinada en Barra de Valizas quieren<\/h5>\n<p>La familia de<strong>\u00a0Lola Chomnalez,<\/strong>\u00a0<strong>la adolescente asesinada hace seis a\u00f1os en las playas de Barra de Valizas<\/strong>, Uruguay, espera que\u00a0<strong>cuando se levante la feria judicial en 2021 la fiscal\u00eda pida que el \u00fanico procesado por el crimen sea condenado,<\/strong>\u00a0en tanto que contin\u00faa la investigaci\u00f3n para identificar y localizar al otro hombre que, se cree, particip\u00f3 en el homicidio.<\/p>\n<p>\u00abTenemos una persona procesada, en principio, como copart\u00edcipe del homicidio. Se avanz\u00f3 en indagarlo, en ubicarlo en el lugar y en que estuvo en contacto con Lola. Se tomaron declaraciones a su entorno y se recibieron distintos informes, por lo que estimo que levantada la feria, lo que va a hacer la fiscal\u00eda es acusarlo directamente\u00bb, dijo a T\u00e9lam Juan Willman, abogado de los Chomnalez en Uruguay.<\/p>\n<p>Seg\u00fan los pasos procesales del vecino pa\u00eds, cuando la fiscal\u00eda considera que se agot\u00f3 la prueba respecto de un acusado, en este caso\u00a0<strong>el detenido Ariel Moreira, apodado \u00abEl Cachila\u00bb, le pide al juez que se lo condene o no,<\/strong>\u00a0y en el primer caso, la pena que le corresponder\u00eda.<\/p>\n<p>\u00abPor otro lado, la investigaci\u00f3n contin\u00faa ya que, para nuestro criterio y el de la familia, hubo m\u00e1s de un part\u00edcipe, lo cual lo tenemos claro por los rastros de sangre, con ADN masculino, que qued\u00f3 en la escena y no es de Cachila\u00bb, indic\u00f3 el letrado.<\/p>\n<p>Willman record\u00f3 que el detenido \u00abnunca dijo qui\u00e9n es esa persona\u00bb, por lo que prosiguen las diligencias a cargo de la justicia y del Ministerio del Interior para poder identificarla y localizarla.<\/p>\n<p><strong>\u00abYo creo que a Moreira lo van a condenar. No tengo dudas. Es una l\u00e1stima que \u00e9l no haya colaborado\u00bb,<\/strong>\u00a0se\u00f1al\u00f3 el abogado, quien consider\u00f3 que los investigadores est\u00e1n \u00abtrabajando y bien\u00bb.<\/p>\n<p>Respecto de las \u00faltimas diligencias dispuestas, el letrado explic\u00f3 que se aguarda que env\u00eden desde la Argentina la historia cl\u00ednica de Lola para \u00abchequear\u00bb algunas cuestiones que el procesado aport\u00f3 en su declaraci\u00f3n.<\/p>\n<p>&nbsp;<\/p>\n","protected":false},"excerpt":{"rendered":"<p>&nbsp; Mientras sigue la investigaci\u00f3n para identificar al otro hombre que se cree particip\u00f3 del homicidio, la familia de la<\/p>\n","protected":false},"author":1,"featured_media":43462,"comment_status":"closed","ping_status":"closed","sticky":false,"template":"","format":"standard","meta":{"kia_subtitle":"","footnotes":"","jetpack_publicize_message":"","jetpack_publicize_feature_enabled":true,"jetpack_social_post_already_shared":true,"jetpack_social_options":{"image_generator_settings":{"template":"highway","default_image_id":0,"font":"","enabled":false},"version":2}},"categories":[8],"tags":[],"class_list":["post-43461","post","type-post","status-publish","format-standard","has-post-thumbnail","hentry","category-policiales"],"jetpack_publicize_connections":[],"jetpack_featured_media_url":"https:\/\/laurbedigital.com.ar\/noticias\/wp-content\/uploads\/2020\/12\/20201227-Lola-Chomnalez.jpg","_links":{"self":[{"href":"https:\/\/laurbedigital.com.ar\/noticias\/wp-json\/wp\/v2\/posts\/43461","targetHints":{"allow":["GET"]}}],"collection":[{"href":"https:\/\/laurbedigital.com.ar\/noticias\/wp-json\/wp\/v2\/posts"}],"about":[{"href":"https:\/\/laurbedigital.com.ar\/noticias\/wp-json\/wp\/v2\/types\/post"}],"author":[{"embeddable":true,"href":"https:\/\/laurbedigital.com.ar\/noticias\/wp-json\/wp\/v2\/users\/1"}],"replies":[{"embeddable":true,"href":"https:\/\/laurbedigital.com.ar\/noticias\/wp-json\/wp\/v2\/comments?post=43461"}],"version-history":[{"count":3,"href":"https:\/\/laurbedigital.com.ar\/noticias\/wp-json\/wp\/v2\/posts\/43461\/revisions"}],"predecessor-version":[{"id":43503,"href":"https:\/\/laurbedigital.com.ar\/noticias\/wp-json\/wp\/v2\/posts\/43461\/revisions\/43503"}],"wp:featuredmedia":[{"embeddable":true,"href":"https:\/\/laurbedigital.com.ar\/noticias\/wp-json\/wp\/v2\/media\/43462"}],"wp:attachment":[{"href":"https:\/\/laurbedigital.com.ar\/noticias\/wp-json\/wp\/v2\/media?parent=43461"}],"wp:term":[{"taxonomy":"category","embeddable":true,"href":"https:\/\/laurbedigital.com.ar\/noticias\/wp-json\/wp\/v2\/categories?post=43461"},{"taxonomy":"post_tag","embeddable":true,"href":"https:\/\/laurbedigital.com.ar\/noticias\/wp-json\/wp\/v2\/tags?post=43461"}],"curies":[{"name":"wp","href":"https:\/\/api.w.org\/{rel}","templated":true}]}}