{"id":43243,"date":"2020-12-24T16:35:28","date_gmt":"2020-12-24T19:35:28","guid":{"rendered":"https:\/\/laurbedigital.com.ar\/noticias\/?p=43243"},"modified":"2020-12-24T16:35:53","modified_gmt":"2020-12-24T19:35:53","slug":"netflix-adelanta-al-1-de-enero-el-estreno-de-la-tercera-temporada-de-cobra-kai","status":"publish","type":"post","link":"https:\/\/laurbedigital.com.ar\/noticias\/2020\/12\/24\/netflix-adelanta-al-1-de-enero-el-estreno-de-la-tercera-temporada-de-cobra-kai\/","title":{"rendered":"Netflix adelanta al 1 de enero el estreno de la tercera temporada de \u00abCobra Kai\u00bb"},"content":{"rendered":"<h5><\/h5>\n<h5 id=\"div_cuerpo\" class=\"content cable-content\">La exitosa serie \u00abCobra Kai\u00bb, secuela de la trilog\u00eda de pel\u00edculas de \u00abKarate Kid\u00bb, adelant\u00f3 el estreno de su tercera temporada para este 1 de enero, una semana antes de lo pautado por la plataforma Netflix, informaron hoy medios estadounidenses.<\/h5>\n<div class=\"content cable-content\">\n<p>Seg\u00fan public\u00f3 el sitio Variety, un d\u00eda despu\u00e9s del lanzamiento de los 10 episodios de media hora que componen la nueva entrega tendr\u00e1 lugar el show \u201cThe Netflix Afterparty\u201d, donde David Spade, Fortune Feimster and London Hughes hablar\u00e1n sobre esta tercera temporada.<\/p>\n<p>\u00abCobra Kai\u00bb apela a la nostalgia a trav\u00e9s de la saga ochentosa \u00abKarate Kid\u00bb, y aunque sus primeras dos temporadas se hab\u00edan estrenado en 2018 y 2019 a trav\u00e9s de YouTube Premium fue la adquisici\u00f3n este a\u00f1o por parte del gigante del streaming lo que acab\u00f3 por catapultarla al \u00e9xito mundial.<\/p>\n<p>Con m\u00fasica de la \u00e9poca, los mismos actores y personajes que parecen haber quedado anclados en una mentalidad demod\u00e9, las dos primeras temporadas intentan mostrar la redenci\u00f3n del villano karateka venido a menos Johnny Lawrence (William Zabka) y su rival de aquellos a\u00f1os Daniel LaRusso (Ralph Macchio).<\/p>\n<\/div>\n<div><\/div>\n<div>\n<p><iframe loading=\"lazy\" src=\"https:\/\/www.youtube.com\/embed\/BJ_siZscSzo\" width=\"677\" height=\"381\" frameborder=\"0\" allowfullscreen=\"allowfullscreen\"><\/iframe><\/p>\n<p>&nbsp;<\/p>\n<\/div>\n","protected":false},"excerpt":{"rendered":"<p>La exitosa serie \u00abCobra Kai\u00bb, secuela de la trilog\u00eda de pel\u00edculas de \u00abKarate Kid\u00bb, adelant\u00f3 el estreno de su tercera<\/p>\n","protected":false},"author":1,"featured_media":43244,"comment_status":"closed","ping_status":"closed","sticky":false,"template":"","format":"standard","meta":{"kia_subtitle":"","footnotes":"","jetpack_publicize_message":"","jetpack_publicize_feature_enabled":true,"jetpack_social_post_already_shared":true,"jetpack_social_options":{"image_generator_settings":{"template":"highway","default_image_id":0,"font":"","enabled":false},"version":2}},"categories":[68],"tags":[],"class_list":["post-43243","post","type-post","status-publish","format-standard","has-post-thumbnail","hentry","category-cine-y-series"],"jetpack_publicize_connections":[],"jetpack_featured_media_url":"https:\/\/laurbedigital.com.ar\/noticias\/wp-content\/uploads\/2020\/12\/20201223-cobra-kai-3.jpg","_links":{"self":[{"href":"https:\/\/laurbedigital.com.ar\/noticias\/wp-json\/wp\/v2\/posts\/43243","targetHints":{"allow":["GET"]}}],"collection":[{"href":"https:\/\/laurbedigital.com.ar\/noticias\/wp-json\/wp\/v2\/posts"}],"about":[{"href":"https:\/\/laurbedigital.com.ar\/noticias\/wp-json\/wp\/v2\/types\/post"}],"author":[{"embeddable":true,"href":"https:\/\/laurbedigital.com.ar\/noticias\/wp-json\/wp\/v2\/users\/1"}],"replies":[{"embeddable":true,"href":"https:\/\/laurbedigital.com.ar\/noticias\/wp-json\/wp\/v2\/comments?post=43243"}],"version-history":[{"count":3,"href":"https:\/\/laurbedigital.com.ar\/noticias\/wp-json\/wp\/v2\/posts\/43243\/revisions"}],"predecessor-version":[{"id":43247,"href":"https:\/\/laurbedigital.com.ar\/noticias\/wp-json\/wp\/v2\/posts\/43243\/revisions\/43247"}],"wp:featuredmedia":[{"embeddable":true,"href":"https:\/\/laurbedigital.com.ar\/noticias\/wp-json\/wp\/v2\/media\/43244"}],"wp:attachment":[{"href":"https:\/\/laurbedigital.com.ar\/noticias\/wp-json\/wp\/v2\/media?parent=43243"}],"wp:term":[{"taxonomy":"category","embeddable":true,"href":"https:\/\/laurbedigital.com.ar\/noticias\/wp-json\/wp\/v2\/categories?post=43243"},{"taxonomy":"post_tag","embeddable":true,"href":"https:\/\/laurbedigital.com.ar\/noticias\/wp-json\/wp\/v2\/tags?post=43243"}],"curies":[{"name":"wp","href":"https:\/\/api.w.org\/{rel}","templated":true}]}}