{"id":43095,"date":"2020-12-22T18:17:01","date_gmt":"2020-12-22T21:17:01","guid":{"rendered":"https:\/\/laurbedigital.com.ar\/noticias\/?p=43095"},"modified":"2020-12-22T18:17:01","modified_gmt":"2020-12-22T21:17:01","slug":"pakapaka-celebra-navidad-y-ano-nuevo-con-programas-especiales","status":"publish","type":"post","link":"https:\/\/laurbedigital.com.ar\/noticias\/2020\/12\/22\/pakapaka-celebra-navidad-y-ano-nuevo-con-programas-especiales\/","title":{"rendered":"Pakapaka celebra Navidad y A\u00f1o Nuevo con programas especiales"},"content":{"rendered":"<div class=\"head-content\">\n<p>&nbsp;<\/p>\n<h5>La se\u00f1al emitir\u00e1 espect\u00e1culos musicales para chicos los jueves 24 y 31, desde las 22 hasta la medianoche.<\/h5>\n<p>La se\u00f1al infantil Pakapaka presentar\u00e1 dos programas especiales para celebrar Navidad y A\u00f1o Nuevo el <strong>pr\u00f3ximo jueves 24 y el 31, desde las 22 hasta la medianoche<\/strong>, con la presentaci\u00f3n de cinco espect\u00e1culos musicales de bandas para chicos que grabaron sus conciertos en el Centro Cultural Kirchner.<\/p>\n<p>La coproducci\u00f3n de estos programas fue realizada junto con el equipo del CCK y grabada, de manera integral, en La C\u00fapula del edificio.<\/p>\n<p>Adem\u00e1s, tendr\u00e1 lugar el regreso de Los Chikuchis, que estar\u00e1n presentes otra vez en la pantalla del canal p\u00fablico infantil con distintas situaciones y escenas divertidas y disparatadas.<\/p>\n<p><strong>A lo largo de las dos horas de programaci\u00f3n, se podr\u00e1n ver los testimonios de chicos de todo el pa\u00eds, quienes durante el a\u00f1o participaron a trav\u00e9s de las redes para compartir sus sensaciones, miedos, alegr\u00edas, sentimientos y opiniones con Pakapaka en red.<\/strong><\/p>\n<p>Tambi\u00e9n, se emitir\u00e1n las piezas audiovisuales que forman parte de \u201cMemorias 2020\u201d, en las que ilustradores pusieron en im\u00e1genes las voces de los chicos en relaci\u00f3n con sus experiencias durante este a\u00f1o tan especial.<\/p>\n<p><strong>Chip\u00e1 Chip\u00e1, D\u00fao Karma, Anda Calabaza, Capit\u00e1n Sanata y Koufequin ser\u00e1n las bandas que participar\u00e1n del especial del jueves 24; mientras que Triciclas, Mariana Baggio, Bigolates de Chocote, Ni Locos y Rayos y Centellas, se presentar\u00e1n el jueves 31.<\/strong><\/p>\n<\/div>\n<p>&nbsp;<\/p>\n","protected":false},"excerpt":{"rendered":"<p>&nbsp; La se\u00f1al emitir\u00e1 espect\u00e1culos musicales para chicos los jueves 24 y 31, desde las 22 hasta la medianoche. La<\/p>\n","protected":false},"author":1,"featured_media":43096,"comment_status":"closed","ping_status":"closed","sticky":false,"template":"","format":"standard","meta":{"kia_subtitle":"","footnotes":"","jetpack_publicize_message":"","jetpack_publicize_feature_enabled":true,"jetpack_social_post_already_shared":true,"jetpack_social_options":{"image_generator_settings":{"template":"highway","default_image_id":0,"font":"","enabled":false},"version":2}},"categories":[68],"tags":[],"class_list":["post-43095","post","type-post","status-publish","format-standard","has-post-thumbnail","hentry","category-cine-y-series"],"jetpack_publicize_connections":[],"jetpack_featured_media_url":"https:\/\/laurbedigital.com.ar\/noticias\/wp-content\/uploads\/2020\/12\/20201222-pakapaka.jpg","_links":{"self":[{"href":"https:\/\/laurbedigital.com.ar\/noticias\/wp-json\/wp\/v2\/posts\/43095","targetHints":{"allow":["GET"]}}],"collection":[{"href":"https:\/\/laurbedigital.com.ar\/noticias\/wp-json\/wp\/v2\/posts"}],"about":[{"href":"https:\/\/laurbedigital.com.ar\/noticias\/wp-json\/wp\/v2\/types\/post"}],"author":[{"embeddable":true,"href":"https:\/\/laurbedigital.com.ar\/noticias\/wp-json\/wp\/v2\/users\/1"}],"replies":[{"embeddable":true,"href":"https:\/\/laurbedigital.com.ar\/noticias\/wp-json\/wp\/v2\/comments?post=43095"}],"version-history":[{"count":1,"href":"https:\/\/laurbedigital.com.ar\/noticias\/wp-json\/wp\/v2\/posts\/43095\/revisions"}],"predecessor-version":[{"id":43097,"href":"https:\/\/laurbedigital.com.ar\/noticias\/wp-json\/wp\/v2\/posts\/43095\/revisions\/43097"}],"wp:featuredmedia":[{"embeddable":true,"href":"https:\/\/laurbedigital.com.ar\/noticias\/wp-json\/wp\/v2\/media\/43096"}],"wp:attachment":[{"href":"https:\/\/laurbedigital.com.ar\/noticias\/wp-json\/wp\/v2\/media?parent=43095"}],"wp:term":[{"taxonomy":"category","embeddable":true,"href":"https:\/\/laurbedigital.com.ar\/noticias\/wp-json\/wp\/v2\/categories?post=43095"},{"taxonomy":"post_tag","embeddable":true,"href":"https:\/\/laurbedigital.com.ar\/noticias\/wp-json\/wp\/v2\/tags?post=43095"}],"curies":[{"name":"wp","href":"https:\/\/api.w.org\/{rel}","templated":true}]}}