{"id":4281,"date":"2016-07-08T21:08:15","date_gmt":"2016-07-09T00:08:15","guid":{"rendered":"http:\/\/laurbedigital.com.ar\/noticias\/?p=4281"},"modified":"2016-07-08T21:08:15","modified_gmt":"2016-07-09T00:08:15","slug":"a-40-anos-de-la-primera-monzon-valdez","status":"publish","type":"post","link":"https:\/\/laurbedigital.com.ar\/noticias\/2016\/07\/08\/a-40-anos-de-la-primera-monzon-valdez\/","title":{"rendered":"A 40 a\u00f1os, de la primera Monz\u00f3n-Valdez"},"content":{"rendered":"<p><span id=\"ContentPlaceHolder1_lbl_Copete\">Y ya que estamos en una semana de evocaciones de epopeyas y de natalicios de celebridades (Fangio, Messi, Riquelme) tampoco est\u00e1 de m\u00e1s recordar que hace 40 a\u00f1os se consum\u00f3 una de las peleas de mayor expectaci\u00f3n en la historia del boxeo argentino.<\/span><\/p>\n<p><span id=\"ContentPlaceHolder1_lbl_Cuerpo\">En efecto, fue el 26 de junio de 1976 en Montecarlo, principado de M\u00f3naco, cuando un Monz\u00f3n ya en versi\u00f3n oto\u00f1al unific\u00f3 el t\u00edtulo mundial de peso mediano con una victoria por decisi\u00f3n al cabo de 15 rounds.<\/p>\n<p>En realidad Monz\u00f3n era el mejor mediano del planeta, sin atenuantes, desde el 7 de noviembre de 1970 cuando en el Palazzo dello Sport de Roma hab\u00eda propinado al italiano Nino Benvenuti un fant\u00e1stico fuera de combate hacia el final del duod\u00e9cimo asalto.<\/p>\n<p>Pero sucedi\u00f3 que con nueve defensas en su haber afront\u00f3 un entuerto con el Consejo Mundial de Boxeo (CMB) y por orden expresa de su presidente, Ram\u00f3n Vel\u00e1zquez, el 20 de abril de 1974 se le quit\u00f3 la corona y se orden\u00f3 una pelea para llenar esa vacante que al cabo correspondi\u00f3 a Valdez al noquear al rocoso estadounidense Benny Briscoe.<\/p>\n<p>El CMB adujo la negativa de Monz\u00f3n a enfrentar a Valdez pero la controversia hab\u00eda tenido una secuencia diferente: el pleito era obligatorio, pero el colombiano hab\u00eda rechazado un ofrecimiento de 18 mil d\u00f3lares, una suculenta bolsa para los valores que se manejaban entonces, para subir al cuadril\u00e1tero del Luna Park.<\/p>\n<p>De modo que durante un tiempo Monz\u00f3n rein\u00f3 en la AMB (Asociaci\u00f3n Mundial de Boxeo) y Valdez rein\u00f3 en el CMB.<\/p>\n<p>Por fin se vieron las caras el 26 de junio del 76 y sucedi\u00f3 que luego de diez vueltas de dominio alternado el boxeador argentino (72,300 kg) impuso sus mayores recursos y su jerarqu\u00eda para inclinar la balanza con nitidez, incluida una ca\u00edda que a poco estuvo de sacar a Valdez de los l\u00edmites del ring.<\/p>\n<p>La revancha, realizada un a\u00f1o y un mes despu\u00e9s (el 30 de junio de 1977, tambi\u00e9n en Montecarlo), tendr\u00eda un desarrollo todav\u00eda m\u00e1s dram\u00e1tico, puesto que Monz\u00f3n cay\u00f3 en el segundo round, pero a la postre el desenlace ser\u00eda el mismo: domin\u00f3 el tramo final y se llev\u00f3 la decisi\u00f3n un\u00e1nime.<\/p>\n<p>Considerado uno de los mejores deportistas argentinos de todos los tiempos y desde 1990 incluido en el Sal\u00f3n<\/p>\n<p>Internacional de la Fama, el santafecino Monz\u00f3n anunci\u00f3 su retiro formal en una conferencia de prensa que dio el 29 de agosto de 1977 en el hotel Sheraton de la Ciudad Aut\u00f3noma de Buenos Aires: acumulaba 80 peleas sin perder, un r\u00e9cord de 100 presentaciones con 87 victorias, nueve empates, tres derrotas y un match nulo, con un total de 14 defensas airosas.<\/span><\/p>\n","protected":false},"excerpt":{"rendered":"<p>Y ya que estamos en una semana de evocaciones de epopeyas y de natalicios de celebridades (Fangio, Messi, Riquelme) tampoco<\/p>\n","protected":false},"author":1,"featured_media":4282,"comment_status":"open","ping_status":"open","sticky":false,"template":"","format":"standard","meta":{"kia_subtitle":"","footnotes":"","jetpack_publicize_message":"","jetpack_publicize_feature_enabled":true,"jetpack_social_post_already_shared":true,"jetpack_social_options":{"image_generator_settings":{"template":"highway","default_image_id":0,"font":"","enabled":false},"version":2}},"categories":[4],"tags":[],"class_list":["post-4281","post","type-post","status-publish","format-standard","has-post-thumbnail","hentry","category-deporte"],"jetpack_publicize_connections":[],"jetpack_featured_media_url":"https:\/\/laurbedigital.com.ar\/noticias\/wp-content\/uploads\/2016\/07\/20160708-deporte.jpg","_links":{"self":[{"href":"https:\/\/laurbedigital.com.ar\/noticias\/wp-json\/wp\/v2\/posts\/4281","targetHints":{"allow":["GET"]}}],"collection":[{"href":"https:\/\/laurbedigital.com.ar\/noticias\/wp-json\/wp\/v2\/posts"}],"about":[{"href":"https:\/\/laurbedigital.com.ar\/noticias\/wp-json\/wp\/v2\/types\/post"}],"author":[{"embeddable":true,"href":"https:\/\/laurbedigital.com.ar\/noticias\/wp-json\/wp\/v2\/users\/1"}],"replies":[{"embeddable":true,"href":"https:\/\/laurbedigital.com.ar\/noticias\/wp-json\/wp\/v2\/comments?post=4281"}],"version-history":[{"count":1,"href":"https:\/\/laurbedigital.com.ar\/noticias\/wp-json\/wp\/v2\/posts\/4281\/revisions"}],"predecessor-version":[{"id":4283,"href":"https:\/\/laurbedigital.com.ar\/noticias\/wp-json\/wp\/v2\/posts\/4281\/revisions\/4283"}],"wp:featuredmedia":[{"embeddable":true,"href":"https:\/\/laurbedigital.com.ar\/noticias\/wp-json\/wp\/v2\/media\/4282"}],"wp:attachment":[{"href":"https:\/\/laurbedigital.com.ar\/noticias\/wp-json\/wp\/v2\/media?parent=4281"}],"wp:term":[{"taxonomy":"category","embeddable":true,"href":"https:\/\/laurbedigital.com.ar\/noticias\/wp-json\/wp\/v2\/categories?post=4281"},{"taxonomy":"post_tag","embeddable":true,"href":"https:\/\/laurbedigital.com.ar\/noticias\/wp-json\/wp\/v2\/tags?post=4281"}],"curies":[{"name":"wp","href":"https:\/\/api.w.org\/{rel}","templated":true}]}}