{"id":42806,"date":"2020-12-17T12:10:07","date_gmt":"2020-12-17T15:10:07","guid":{"rendered":"https:\/\/laurbedigital.com.ar\/noticias\/?p=42806"},"modified":"2020-12-17T12:10:07","modified_gmt":"2020-12-17T15:10:07","slug":"cascallares-y-martinez-en-la-inauguracion-de-obras-que-potencian-el-suministro-electrico","status":"publish","type":"post","link":"https:\/\/laurbedigital.com.ar\/noticias\/2020\/12\/17\/cascallares-y-martinez-en-la-inauguracion-de-obras-que-potencian-el-suministro-electrico\/","title":{"rendered":"Cascallares y Mart\u00ednez en la inauguraci\u00f3n de obras\u00a0que potencian el suministro el\u00e9ctrico"},"content":{"rendered":"<p>&nbsp;<\/p>\n<h5>El intendente de Almirante Brown, Mariano Cascallares, particip\u00f3 junto a su par de Presidente Per\u00f3n, Blanca Cantero, y el secretario de Energ\u00eda de la Naci\u00f3n, Dar\u00edo Mart\u00ednez, de la inauguraci\u00f3n de una obra de ampliaci\u00f3n y repotenciaci\u00f3n en la \u201cSubestaci\u00f3n Glew\u201d que mejorar\u00e1 el servicio el\u00e9ctrico beneficiando a 200 mil vecinos entre los que figuran usuarios de localidades como Glew, Longchamps y Ministro Rivadavia.<\/h5>\n<p>Los jefes comunales y el funcionario nacional recorrieron las reformas en las instalaciones que mejorar\u00e1n el servicio en los partidos de Almirante Brown, Presidente Per\u00f3n, Esteban Echeverr\u00eda y San Vicente.<\/p>\n<p>Durante la recorrida estuvieron acompa\u00f1ados por la interventora del ENRE, Mar\u00eda Soledad Manin; el presidente de Edesur, Juan Carlos Blanco; el gerente general de la compa\u00f1\u00eda; Giancula Palumbo y el Country Manager de Enel Argentina, Nicola Melchiotti.<\/p>\n<p><img loading=\"lazy\" decoding=\"async\" class=\"alignnone size-full wp-image-42807\" src=\"https:\/\/laurbedigital.com.ar\/noticias\/wp-content\/uploads\/2020\/12\/20201217-Brown-Cascallares.jpg\" alt=\"\" width=\"800\" height=\"446\" title=\"\" srcset=\"https:\/\/laurbedigital.com.ar\/noticias\/wp-content\/uploads\/2020\/12\/20201217-Brown-Cascallares.jpg 800w, https:\/\/laurbedigital.com.ar\/noticias\/wp-content\/uploads\/2020\/12\/20201217-Brown-Cascallares-300x167.jpg 300w, https:\/\/laurbedigital.com.ar\/noticias\/wp-content\/uploads\/2020\/12\/20201217-Brown-Cascallares-768x428.jpg 768w\" sizes=\"auto, (max-width: 800px) 100vw, 800px\" \/><\/p>\n<p>En\u00a0el predio que la empresa Edesur tiene en Glew, Mariano Cascallares indic\u00f3 que <em>\u00abestamos muy contentos con la decisi\u00f3n del presidente Alberto Fern\u00e1ndez de avanzar con esta deuda pendiente para los vecinos y vecinas como es mejorar la calidad de servicio el\u00e9ctrico. Esta vez, recorriendo esta obra central para Glew, Longchamps y Ministro Rivadavia\u201d,<\/em> remarc\u00f3 el jefe comunal.<\/p>\n<p>En este sentido, el jefe comunal remarc\u00f3 que <em>\u201cse dio un gran paso, ya que esta planta duplicar\u00e1 su funcionamiento actual\u201d. \u201cSabemos las dificultades en materia de energ\u00eda que tenemos y este es un paso muy importante\u201d,<\/em> a\u00f1adi\u00f3. Mart\u00ednez, en tanto, expres\u00f3 estar<em> \u201cmuy contento de empezar con este proceso de reconstrucci\u00f3n de la Argentina gestionando obras que mejoran la calidad del servicio el\u00e9ctrico y, por ende, la vida de los vecinos y vecinas\u201d.<\/em><\/p>\n<p><img loading=\"lazy\" decoding=\"async\" class=\"alignnone size-full wp-image-42809\" src=\"https:\/\/laurbedigital.com.ar\/noticias\/wp-content\/uploads\/2020\/12\/20201217-Brown-Cascallares-2.jpg\" alt=\"\" width=\"800\" height=\"446\" title=\"\" srcset=\"https:\/\/laurbedigital.com.ar\/noticias\/wp-content\/uploads\/2020\/12\/20201217-Brown-Cascallares-2.jpg 800w, https:\/\/laurbedigital.com.ar\/noticias\/wp-content\/uploads\/2020\/12\/20201217-Brown-Cascallares-2-300x167.jpg 300w, https:\/\/laurbedigital.com.ar\/noticias\/wp-content\/uploads\/2020\/12\/20201217-Brown-Cascallares-2-768x428.jpg 768w\" sizes=\"auto, (max-width: 800px) 100vw, 800px\" \/><\/p>\n<p><em>\u201cEstamos en un pa\u00eds que necesita energ\u00eda para crecer, tanto para la gente como para la industria y la producci\u00f3n\u201d,<\/em> sostuvo el funcionario nacional, al tiempo que remarc\u00f3 el trabajo mancomunado con Mariano Cascallares, <em>\u201cuno de los intendentes que m\u00e1s gestiona\u201d<\/em> en la provincia de Buenos Aires.<\/p>\n<p>&nbsp;<\/p>\n<p style=\"font-weight: 400;\"><strong>DETALLES<\/strong><\/p>\n<p style=\"font-weight: 400;\">Esta importante obra de ampliaci\u00f3n y repotenciaci\u00f3n de la Subestaci\u00f3n Glew traer\u00e1 mejoras en el suministro el\u00e9ctrico a m\u00e1s de 200.000 vecinos y vecinas de los partidos de Almirante Brown, Presidente Per\u00f3n, San Vicente y Esteban Echeverr\u00eda.<\/p>\n<p>Desde la empresa Edesur especificaron que la inversi\u00f3n de este proyecto fue de 10 millones de d\u00f3lares y la obra implic\u00f3 la instalaci\u00f3n de dos nuevos transformadores de 80MVA, tableros nuevos con 32 celdas y la puesta en servicio de dos nuevos bancos de capacitores.<\/p>\n<p>Adem\u00e1s se colocaron 10 alimentadores de 13.2 kv y se tendieron 45 kil\u00f3metros de red de media tensi\u00f3n.<\/p>\n<p>De esta manera, se distribuir\u00e1 a los barrios una mayor potencia gracias a los dos nuevos transformadores, mejorando la distribuci\u00f3n de la carga y reduciendo la longitud media de cada alimentador, minimizando las probabilidades de una falla.<\/p>\n<p>&nbsp;<\/p>\n<p>&nbsp;<\/p>\n","protected":false},"excerpt":{"rendered":"<p>&nbsp; El intendente de Almirante Brown, Mariano Cascallares, particip\u00f3 junto a su par de Presidente Per\u00f3n, Blanca Cantero, y el<\/p>\n","protected":false},"author":1,"featured_media":42808,"comment_status":"closed","ping_status":"closed","sticky":false,"template":"","format":"standard","meta":{"kia_subtitle":"","footnotes":"","jetpack_publicize_message":"","jetpack_publicize_feature_enabled":true,"jetpack_social_post_already_shared":true,"jetpack_social_options":{"image_generator_settings":{"template":"highway","default_image_id":0,"font":"","enabled":false},"version":2}},"categories":[2,33],"tags":[],"class_list":["post-42806","post","type-post","status-publish","format-standard","has-post-thumbnail","hentry","category-alte-brown","category-alte-brown-alte-brown"],"jetpack_publicize_connections":[],"jetpack_featured_media_url":"https:\/\/laurbedigital.com.ar\/noticias\/wp-content\/uploads\/2020\/12\/20201217-Brown-Cascallares-1.jpg","_links":{"self":[{"href":"https:\/\/laurbedigital.com.ar\/noticias\/wp-json\/wp\/v2\/posts\/42806","targetHints":{"allow":["GET"]}}],"collection":[{"href":"https:\/\/laurbedigital.com.ar\/noticias\/wp-json\/wp\/v2\/posts"}],"about":[{"href":"https:\/\/laurbedigital.com.ar\/noticias\/wp-json\/wp\/v2\/types\/post"}],"author":[{"embeddable":true,"href":"https:\/\/laurbedigital.com.ar\/noticias\/wp-json\/wp\/v2\/users\/1"}],"replies":[{"embeddable":true,"href":"https:\/\/laurbedigital.com.ar\/noticias\/wp-json\/wp\/v2\/comments?post=42806"}],"version-history":[{"count":1,"href":"https:\/\/laurbedigital.com.ar\/noticias\/wp-json\/wp\/v2\/posts\/42806\/revisions"}],"predecessor-version":[{"id":42810,"href":"https:\/\/laurbedigital.com.ar\/noticias\/wp-json\/wp\/v2\/posts\/42806\/revisions\/42810"}],"wp:featuredmedia":[{"embeddable":true,"href":"https:\/\/laurbedigital.com.ar\/noticias\/wp-json\/wp\/v2\/media\/42808"}],"wp:attachment":[{"href":"https:\/\/laurbedigital.com.ar\/noticias\/wp-json\/wp\/v2\/media?parent=42806"}],"wp:term":[{"taxonomy":"category","embeddable":true,"href":"https:\/\/laurbedigital.com.ar\/noticias\/wp-json\/wp\/v2\/categories?post=42806"},{"taxonomy":"post_tag","embeddable":true,"href":"https:\/\/laurbedigital.com.ar\/noticias\/wp-json\/wp\/v2\/tags?post=42806"}],"curies":[{"name":"wp","href":"https:\/\/api.w.org\/{rel}","templated":true}]}}