{"id":42803,"date":"2020-12-17T12:00:26","date_gmt":"2020-12-17T15:00:26","guid":{"rendered":"https:\/\/laurbedigital.com.ar\/noticias\/?p=42803"},"modified":"2020-12-17T12:00:26","modified_gmt":"2020-12-17T15:00:26","slug":"bajo-protocolos-sanitarios-finalizo-el-rodaje-de-la-comedia-ex-casados","status":"publish","type":"post","link":"https:\/\/laurbedigital.com.ar\/noticias\/2020\/12\/17\/bajo-protocolos-sanitarios-finalizo-el-rodaje-de-la-comedia-ex-casados\/","title":{"rendered":"Bajo protocolos sanitarios, finaliz\u00f3 el rodaje de la comedia \u201cEx casados\u201d"},"content":{"rendered":"<p>&nbsp;<\/p>\n<h5>Protagonizada por el comediante Roberto Moldavsky y Jorgelina Aruzzi, finaliz\u00f3 su rodaje esta semana y se convirti\u00f3 en una de las primeras pel\u00edculas nacionales rodadas con protocolos sanitarios.<\/h5>\n<p>\u201cEx casados\u201d, protagonizada por el comediante Roberto Moldavsky y Jorgelina Aruzzi, finaliz\u00f3 su rodaje esta semana y\u00a0<strong>se convirti\u00f3 en una de las primeras pel\u00edculas nacionales filmadas bajo protocolos sanitarios, luego del largo y forzoso receso en la industria por la pandemia de coronavirus<\/strong>.<\/p>\n<p><em><strong>\u201cEn marzo tuvimos que suspender, con una semana de rodaje. La opci\u00f3n nunca fue renunciar y fue posible; esa es la mayor ense\u00f1anza, fue un triunfo haber terminado el rodaje\u201d<\/strong>,<\/em> expres\u00f3 la directora del filme, Sabrina Farji (\u201cCuando ella salt\u00f3\u201d, \u201cEva y Lola\u201d), durante una visita de T\u00e9lam al set en Buenos Aires.<\/p>\n<p>La realizadora, que este mismo a\u00f1o tambi\u00e9n estren\u00f3 \u201cTr\u00f3pico\u201d, explic\u00f3 que<em>\u00a0<strong>\u201c\u2018Ex casados\u2019 es una comedia que trata sobre el v\u00ednculo de una pareja que se separa y que tiene que volver a convivir\u201d<\/strong>.<\/em><\/p>\n<p><em>\u201cAh\u00ed es donde afloran todas las discusiones que ya ten\u00edan; ella como en un momento muy feminista tratando que \u00e9l la vea como la mujer que ella siente que es, y \u00e9l como un machista recalcitrante que no la entiende, que no la ve y le cuesta much\u00edsimo decontruirse\u201d,<\/em> a\u00f1adi\u00f3.<\/p>\n<p>Farji valor\u00f3, adem\u00e1s, la \u201capuesta\u201d que decidi\u00f3 hacer por\u00a0<strong>Moldavsky, que har\u00e1 su debut cinematogr\u00e1fico<\/strong>:<em> \u201cPara m\u00ed era importante pegar una sorpresa, a Roberto lo ven\u00eda siguiendo desde hace un mont\u00f3n\u201d.<\/em><\/p>\n<p><em><strong>\u201cLa primera vez uno tiene todos los temores l\u00f3gicos, creo que los sigo teniendo, pero bueno, desde Sabrina Farji, que me convenci\u00f3, todos me cuidaron mucho, me ayudaron y la termin\u00e9 pasando muy bien\u201d<\/strong>,<\/em> record\u00f3 por su parte el c\u00f3mico y reciente participante de \u201cMasterChef Celebrity\u201d sobre su primera experiencia en la pantalla grande.<\/p>\n<p>Moldavsky describe a Roberto, su personaje, como un hombre \u201ccriado en una educaci\u00f3n machista\u201d que \u201cve a su mujer sin dimensionar a la persona que tiene al lado\u201d.<\/p>\n<p>\u201cEs muy bueno porque todo esto es a trav\u00e9s de la comedia, pero se plantean todos los temas que hoy est\u00e1n vigentes y est\u00e1 muy bueno que el arte acompa\u00f1e lo que est\u00e1 pasando\u201d, se\u00f1al\u00f3 el ahora tambi\u00e9n actor, acerca de la forma en que el filme aborda la cuesti\u00f3n del rol de la mujer en la sociedad.<\/p>\n<p>Con\u00a0<strong>fecha de estreno estimada para agosto de 2021, \u201cEx casados\u201d se film\u00f3 en distintas locaciones del AMBA y en la provincia de La Rioja<\/strong>, y fue la primera cinta en retomar su rodaje luego de las suspensiones para mitigar la propagaci\u00f3n de la Covid-19.<\/p>\n<p>Completan el elenco Liz Solari, Michel Noher, Campi, Celina Font, Mat\u00edas Desiderio, con una participaci\u00f3n especial de Gabriel Corrado; en tanto que la producci\u00f3n corri\u00f3 a cargo de Zoelle, RGB, HVGS, Octavio Nadal, Gustavo Yankelevich, Carlos Mentasti, Fernando Sokolowicz, Carlos Harwicz y Picasso Films.<\/p>\n<p>&nbsp;<\/p>\n<p>&nbsp;<\/p>\n","protected":false},"excerpt":{"rendered":"<p>&nbsp; Protagonizada por el comediante Roberto Moldavsky y Jorgelina Aruzzi, finaliz\u00f3 su rodaje esta semana y se convirti\u00f3 en una<\/p>\n","protected":false},"author":1,"featured_media":42804,"comment_status":"closed","ping_status":"closed","sticky":false,"template":"","format":"standard","meta":{"kia_subtitle":"","footnotes":"","jetpack_publicize_message":"","jetpack_publicize_feature_enabled":true,"jetpack_social_post_already_shared":true,"jetpack_social_options":{"image_generator_settings":{"template":"highway","default_image_id":0,"font":"","enabled":false},"version":2}},"categories":[68],"tags":[],"class_list":["post-42803","post","type-post","status-publish","format-standard","has-post-thumbnail","hentry","category-cine-y-series"],"jetpack_publicize_connections":[],"jetpack_featured_media_url":"https:\/\/laurbedigital.com.ar\/noticias\/wp-content\/uploads\/2020\/12\/20201217-ex-casados.jpg","_links":{"self":[{"href":"https:\/\/laurbedigital.com.ar\/noticias\/wp-json\/wp\/v2\/posts\/42803","targetHints":{"allow":["GET"]}}],"collection":[{"href":"https:\/\/laurbedigital.com.ar\/noticias\/wp-json\/wp\/v2\/posts"}],"about":[{"href":"https:\/\/laurbedigital.com.ar\/noticias\/wp-json\/wp\/v2\/types\/post"}],"author":[{"embeddable":true,"href":"https:\/\/laurbedigital.com.ar\/noticias\/wp-json\/wp\/v2\/users\/1"}],"replies":[{"embeddable":true,"href":"https:\/\/laurbedigital.com.ar\/noticias\/wp-json\/wp\/v2\/comments?post=42803"}],"version-history":[{"count":1,"href":"https:\/\/laurbedigital.com.ar\/noticias\/wp-json\/wp\/v2\/posts\/42803\/revisions"}],"predecessor-version":[{"id":42805,"href":"https:\/\/laurbedigital.com.ar\/noticias\/wp-json\/wp\/v2\/posts\/42803\/revisions\/42805"}],"wp:featuredmedia":[{"embeddable":true,"href":"https:\/\/laurbedigital.com.ar\/noticias\/wp-json\/wp\/v2\/media\/42804"}],"wp:attachment":[{"href":"https:\/\/laurbedigital.com.ar\/noticias\/wp-json\/wp\/v2\/media?parent=42803"}],"wp:term":[{"taxonomy":"category","embeddable":true,"href":"https:\/\/laurbedigital.com.ar\/noticias\/wp-json\/wp\/v2\/categories?post=42803"},{"taxonomy":"post_tag","embeddable":true,"href":"https:\/\/laurbedigital.com.ar\/noticias\/wp-json\/wp\/v2\/tags?post=42803"}],"curies":[{"name":"wp","href":"https:\/\/api.w.org\/{rel}","templated":true}]}}