{"id":42298,"date":"2020-12-10T11:19:36","date_gmt":"2020-12-10T14:19:36","guid":{"rendered":"https:\/\/laurbedigital.com.ar\/noticias\/?p=42298"},"modified":"2020-12-10T11:19:36","modified_gmt":"2020-12-10T14:19:36","slug":"simone-y-katopodis-firmaron-convenios-y-recorrieron-obras-en-san-vicente-junto-a-mantegazza","status":"publish","type":"post","link":"https:\/\/laurbedigital.com.ar\/noticias\/2020\/12\/10\/simone-y-katopodis-firmaron-convenios-y-recorrieron-obras-en-san-vicente-junto-a-mantegazza\/","title":{"rendered":"Simone y Katopodis firmaron convenios y recorrieron obras en San Vicente junto a Mantegazza"},"content":{"rendered":"<p>&nbsp;<\/p>\n<h5>Estuvieron con el intendente Mantegazza y dialogaron sobre proyectos a futuro para ese distrito.<\/h5>\n<p>El ministro de Infraestructura y Servicios P\u00fablicos de la Provincia, Agust\u00edn Simone, y su par de Obras P\u00fablicas de la Naci\u00f3n, Gabriel Katopodis, estuvieron en el distrito de San Vicente para recorrer obras y firmar convenios con el intendente Nicol\u00e1s Mantegazza.<\/p>\n<p>En primer lugar, se reunieron en el Municipio para sellar el convenio Espec\u00edfico Ampliaci\u00f3n de Red de agua potable en el Barrio Biocca I y Barrio Centro de esa ciudad. Luego, llevaron adelante una recorrida en la que se realiz\u00f3 la inauguraci\u00f3n de la primera etapa de la obra de ampliaci\u00f3n y puesta en valor del agua potable en la localidad de Domselaar, que beneficia a 400 vecinos y que en su segunda etapa beneficiar\u00e1 a otros 400.<\/p>\n<p>Al respecto, Simone expres\u00f3: \u201cEste a\u00f1o hemos tenido un apoyo de Naci\u00f3n que la Provincia hace mucho no ten\u00eda y eso se ve en una obra como esta. En la coordinaci\u00f3n de los tres niveles, Naci\u00f3n, Provincia y Municipios vemos prioridades y escuchamos a los intendentes\u201d. A su vez, agreg\u00f3 que \u201cac\u00e1 se ven los resultados, con una obra terminada y gente conectada. Firmamos nuevas obras con el ENOHSA para ampliar la infraestructura en todos los municipios\u201d.<\/p>\n<p>De la comitiva tambi\u00e9n participaron el intendente de Lomas de Zamora, Mart\u00edn Insaurralde; el Subadministrador del Ente Nacional de Obras H\u00eddricas de Saneamiento (ENOHSA), N\u00e9stor \u00c1lvarez; el Gerente General de Abordaje Territorial de ENOHSA, Oscar Bitz; y el titular de ABSA, Germ\u00e1n Ciucci.<\/p>\n<p>&nbsp;<\/p>\n<p>&nbsp;<\/p>\n","protected":false},"excerpt":{"rendered":"<p>&nbsp; Estuvieron con el intendente Mantegazza y dialogaron sobre proyectos a futuro para ese distrito. El ministro de Infraestructura y<\/p>\n","protected":false},"author":1,"featured_media":42299,"comment_status":"closed","ping_status":"closed","sticky":false,"template":"","format":"standard","meta":{"kia_subtitle":"","footnotes":"","jetpack_publicize_message":"","jetpack_publicize_feature_enabled":true,"jetpack_social_post_already_shared":true,"jetpack_social_options":{"image_generator_settings":{"template":"highway","default_image_id":0,"font":"","enabled":false},"version":2}},"categories":[13,246],"tags":[],"class_list":["post-42298","post","type-post","status-publish","format-standard","has-post-thumbnail","hentry","category-region","category-san-vicente"],"jetpack_publicize_connections":[],"jetpack_featured_media_url":"https:\/\/laurbedigital.com.ar\/noticias\/wp-content\/uploads\/2020\/12\/20201209-san-vicente.jpg","_links":{"self":[{"href":"https:\/\/laurbedigital.com.ar\/noticias\/wp-json\/wp\/v2\/posts\/42298","targetHints":{"allow":["GET"]}}],"collection":[{"href":"https:\/\/laurbedigital.com.ar\/noticias\/wp-json\/wp\/v2\/posts"}],"about":[{"href":"https:\/\/laurbedigital.com.ar\/noticias\/wp-json\/wp\/v2\/types\/post"}],"author":[{"embeddable":true,"href":"https:\/\/laurbedigital.com.ar\/noticias\/wp-json\/wp\/v2\/users\/1"}],"replies":[{"embeddable":true,"href":"https:\/\/laurbedigital.com.ar\/noticias\/wp-json\/wp\/v2\/comments?post=42298"}],"version-history":[{"count":1,"href":"https:\/\/laurbedigital.com.ar\/noticias\/wp-json\/wp\/v2\/posts\/42298\/revisions"}],"predecessor-version":[{"id":42300,"href":"https:\/\/laurbedigital.com.ar\/noticias\/wp-json\/wp\/v2\/posts\/42298\/revisions\/42300"}],"wp:featuredmedia":[{"embeddable":true,"href":"https:\/\/laurbedigital.com.ar\/noticias\/wp-json\/wp\/v2\/media\/42299"}],"wp:attachment":[{"href":"https:\/\/laurbedigital.com.ar\/noticias\/wp-json\/wp\/v2\/media?parent=42298"}],"wp:term":[{"taxonomy":"category","embeddable":true,"href":"https:\/\/laurbedigital.com.ar\/noticias\/wp-json\/wp\/v2\/categories?post=42298"},{"taxonomy":"post_tag","embeddable":true,"href":"https:\/\/laurbedigital.com.ar\/noticias\/wp-json\/wp\/v2\/tags?post=42298"}],"curies":[{"name":"wp","href":"https:\/\/api.w.org\/{rel}","templated":true}]}}