{"id":42259,"date":"2020-12-09T19:41:30","date_gmt":"2020-12-09T22:41:30","guid":{"rendered":"https:\/\/laurbedigital.com.ar\/noticias\/?p=42259"},"modified":"2020-12-09T19:41:30","modified_gmt":"2020-12-09T22:41:30","slug":"advierten-que-por-el-relajamiento-social-se-freno-la-caida-de-contagios","status":"publish","type":"post","link":"https:\/\/laurbedigital.com.ar\/noticias\/2020\/12\/09\/advierten-que-por-el-relajamiento-social-se-freno-la-caida-de-contagios\/","title":{"rendered":"Advierten que por el \u00abrelajamiento\u00bb social se fren\u00f3 la ca\u00edda de contagios"},"content":{"rendered":"<p>&nbsp;<\/p>\n<h5>Desde el Conicet precisaron que la baja se fren\u00f3 en las \u00faltimas semanas, y remarcaron la necesidad de \u00abespaciar las reuniones al menos cinco d\u00edas y que sean al aire libre, al sol, con barbijos, sin compartir vasos ni botellas\u00bb.<\/h5>\n<p>El investigador del Conicet, bioinform\u00e1tico y miembro del Consejo Epidemiol\u00f3gico del Gobierno bonaerense, Rodrigo Quiroga, asegur\u00f3 este mi\u00e9rcoles que, debido al <em>\u00abrelajamiento\u00bb <\/em>en cuanto a las medidas de cuidado, se registra actualmente un freno en la ca\u00edda de contagios de coronavirus en la provincia de Buenos Aires.<\/p>\n<p>\u201cVenimos viendo que la velocidad a la que ven\u00edan d\u00e1ndose las bajas de los contagios se ha frenado bastante estas \u00faltimas semanas y eso tiene que ver con el relajamiento de los cuidados\u201d, explic\u00f3 en declaraciones a radio Provincia.<\/p>\n<p>El experto plante\u00f3 que hay cuatro factores por los cuales los casos bajan o suben:<em> \u00abcuidados, restricciones, estacionalidad e infectados\u00bb.<\/em><\/p>\n<p>En ese marco, indic\u00f3 que, <em>\u00aba mayores cuidados y restricciones, uno necesita una menor cantidad de infectados para que los casos bajen\u00bb<\/em> y a\u00f1adi\u00f3 que <em>\u00abmenos infectados significan menos fallecidos\u00bb.<\/em><\/p>\n<p><em>\u00abPor ahora, la estacionalidad nos ayuda. Eso, m\u00e1s la cantidad de infectados que tenemos, los cuidados y restricciones nos alcanza para que los casos sigan bajando\u00bb,<\/em> describi\u00f3.<\/p>\n<p>No obstante, aclar\u00f3 que, <em>\u00absi los cuidados y restricciones se relajan por completo, los casos podr\u00edan empezar a subir ma\u00f1ana\u00bb, con lo cual subray\u00f3 la importancia de \u00absostenerlos\u00bb.<\/em><\/p>\n<p>\u00abMientras m\u00e1s recaudos se adopten ahora, los casos van a bajar m\u00e1s r\u00e1pido y se llegar\u00e1 con un n\u00famero de casos menor a la segunda ola\u00bb, asever\u00f3.<\/p>\n<p>Quiroga reiter\u00f3 las recomendaciones de la Provincia para las fiestas, ya que <em>\u201cla gran mayor\u00eda de los infectados nunca se enteran que fueron infectados\u00bb,<\/em> por lo que estim\u00f3 que<em> \u00ablo ideal es espaciar las reuniones al menos 5 d\u00edas y que sean al aire libre, al sol, con barbijos, sin compartir vasos ni botellas\u201d.<\/em><\/p>\n<p>&nbsp;<\/p>\n<p>&nbsp;<\/p>\n","protected":false},"excerpt":{"rendered":"<p>&nbsp; Desde el Conicet precisaron que la baja se fren\u00f3 en las \u00faltimas semanas, y remarcaron la necesidad de \u00abespaciar<\/p>\n","protected":false},"author":1,"featured_media":42260,"comment_status":"closed","ping_status":"closed","sticky":false,"template":"","format":"standard","meta":{"kia_subtitle":"","footnotes":"","jetpack_publicize_message":"","jetpack_publicize_feature_enabled":true,"jetpack_social_post_already_shared":true,"jetpack_social_options":{"image_generator_settings":{"template":"highway","default_image_id":0,"font":"","enabled":false},"version":2}},"categories":[15],"tags":[],"class_list":["post-42259","post","type-post","status-publish","format-standard","has-post-thumbnail","hentry","category-tendencias"],"jetpack_publicize_connections":[],"jetpack_featured_media_url":"https:\/\/laurbedigital.com.ar\/noticias\/wp-content\/uploads\/2020\/12\/20201209-relajamiento.jpg","_links":{"self":[{"href":"https:\/\/laurbedigital.com.ar\/noticias\/wp-json\/wp\/v2\/posts\/42259","targetHints":{"allow":["GET"]}}],"collection":[{"href":"https:\/\/laurbedigital.com.ar\/noticias\/wp-json\/wp\/v2\/posts"}],"about":[{"href":"https:\/\/laurbedigital.com.ar\/noticias\/wp-json\/wp\/v2\/types\/post"}],"author":[{"embeddable":true,"href":"https:\/\/laurbedigital.com.ar\/noticias\/wp-json\/wp\/v2\/users\/1"}],"replies":[{"embeddable":true,"href":"https:\/\/laurbedigital.com.ar\/noticias\/wp-json\/wp\/v2\/comments?post=42259"}],"version-history":[{"count":1,"href":"https:\/\/laurbedigital.com.ar\/noticias\/wp-json\/wp\/v2\/posts\/42259\/revisions"}],"predecessor-version":[{"id":42261,"href":"https:\/\/laurbedigital.com.ar\/noticias\/wp-json\/wp\/v2\/posts\/42259\/revisions\/42261"}],"wp:featuredmedia":[{"embeddable":true,"href":"https:\/\/laurbedigital.com.ar\/noticias\/wp-json\/wp\/v2\/media\/42260"}],"wp:attachment":[{"href":"https:\/\/laurbedigital.com.ar\/noticias\/wp-json\/wp\/v2\/media?parent=42259"}],"wp:term":[{"taxonomy":"category","embeddable":true,"href":"https:\/\/laurbedigital.com.ar\/noticias\/wp-json\/wp\/v2\/categories?post=42259"},{"taxonomy":"post_tag","embeddable":true,"href":"https:\/\/laurbedigital.com.ar\/noticias\/wp-json\/wp\/v2\/tags?post=42259"}],"curies":[{"name":"wp","href":"https:\/\/api.w.org\/{rel}","templated":true}]}}