{"id":41873,"date":"2020-12-04T10:26:40","date_gmt":"2020-12-04T13:26:40","guid":{"rendered":"https:\/\/laurbedigital.com.ar\/noticias\/?p=41873"},"modified":"2020-12-04T10:26:40","modified_gmt":"2020-12-04T13:26:40","slug":"nacion-amplio-la-cantidad-de-personas-que-podran-viajar-en-colectivos-y-trenes","status":"publish","type":"post","link":"https:\/\/laurbedigital.com.ar\/noticias\/2020\/12\/04\/nacion-amplio-la-cantidad-de-personas-que-podran-viajar-en-colectivos-y-trenes\/","title":{"rendered":"Naci\u00f3n ampli\u00f3 la cantidad de personas que podr\u00e1n viajar en colectivos y trenes"},"content":{"rendered":"<p>&nbsp;<\/p>\n<h5>La medida se formaliz\u00f3 por medio de una resoluci\u00f3n publicada este viernes en el Bolet\u00edn Oficial de la Naci\u00f3n. Se ampli\u00f3 hasta el 80% el porcentaje de ocupaci\u00f3n en las unidades.<\/h5>\n<p>El\u00a0<strong>Ministerio de Transporte de la Naci\u00f3n<\/strong>\u00a0dispuso este viernes que los servicios de transporte de pasajeros podr\u00e1n contar con\u00a0<strong>hasta 80% de ocupaci\u00f3n en sus unidades<\/strong>, en el marco del distanciamiento social.<\/p>\n<p>La medida se formaliz\u00f3 por medio de una resoluci\u00f3n publicada este viernes en el Bolet\u00edn Oficial. <em>\u00abEl distanciamiento social previsto en la Resoluci\u00f3n N\u00b0 64 de fecha 18 de marzo de 2020 del Ministerio de Transporte: a estos efectos,\u00a0<strong>los servicios deber\u00e1n prestarse con una ocupaci\u00f3n m\u00e1xima del 80%<\/strong>\u00ab,<\/em> seg\u00fan el texto oficial.<\/p>\n<p>Seg\u00fan lo dispuesto,\u00a0<strong>el autotransporte<em> \u00abdeber\u00e1 limitar su capacidad de ocupaci\u00f3n al 80% de la cantidad de butacas disponibles<\/em><\/strong><em>\u00a0para cada tipo de veh\u00edculo, no admiti\u00e9ndose en ning\u00fan caso pasajeros de pie\u00bb.<\/em><\/p>\n<p>En el caso de los trenes, ser\u00e1 tambi\u00e9n de 80%<em>\u00abpor cada coche en servicio\u00bb. \u00ab<strong>En ambos casos deber\u00e1n extremarse las medidas para un mejor distanciamiento social en el interior de los mismos<\/strong>\u00ab,<\/em> aclar\u00f3 la resoluci\u00f3n oficial.<\/p>\n<p>Esta decisi\u00f3n del Gobierno atinde el reclamo que hab\u00edan formulado las entidades empresarias del sector:\u00a0<strong>C\u00e1mara Empresaria de Larga Distancia<\/strong>\u00a0(CELADI),\u00a0<strong>Asociaci\u00f3n Argentina de Empresarios del Transporte Automotor<\/strong>\u00a0(AAETA),\u00a0<strong>C\u00e1mara Argentina del Transporte Automotor de Pasajeros<\/strong>\u00a0(CATAP) y la\u00a0<strong>C\u00e1mara Empresaria de Autotransporte de Pasajeros<\/strong>\u00a0(CEAP).<\/p>\n<p>Todas ellas hab\u00edan manifestado \u00ab<em>la imperiosa necesidad de\u00a0<strong>modificar la limitaci\u00f3n de la capacidad de transporte de los veh\u00edculos del autotransporte interurbano de pasajero<\/strong>s bajo jurisdicci\u00f3n nacional en el marco de la pandemia de COVID-19&#8243;<\/em>.<\/p>\n<p>A mediados de noviembre, el Ministerio de Transporte hab\u00eda dispuesto que los servicios p\u00fablicos de transporte automotor de pasajeros urbanos y suburbanos de jurisdicci\u00f3n nacional circulen con una cantidad de pasajeros que no supere la capacidad de asientos disponibles,\u00a0<strong>habilitando con car\u00e1cter excepcional que, en los horarios de mayor requerimiento del servicio y ante el exceso de demanda, pueda ampliarse la capacidad hasta diez pasajeros de pie<\/strong>.<\/p>\n<p>&nbsp;<\/p>\n<p>&nbsp;<\/p>\n","protected":false},"excerpt":{"rendered":"<p>&nbsp; La medida se formaliz\u00f3 por medio de una resoluci\u00f3n publicada este viernes en el Bolet\u00edn Oficial de la Naci\u00f3n.<\/p>\n","protected":false},"author":1,"featured_media":41874,"comment_status":"closed","ping_status":"closed","sticky":false,"template":"","format":"standard","meta":{"kia_subtitle":"","footnotes":"","jetpack_publicize_message":"","jetpack_publicize_feature_enabled":true,"jetpack_social_post_already_shared":true,"jetpack_social_options":{"image_generator_settings":{"template":"highway","default_image_id":0,"font":"","enabled":false},"version":2}},"categories":[3,41],"tags":[],"class_list":["post-41873","post","type-post","status-publish","format-standard","has-post-thumbnail","hentry","category-actualidad","category-nacionales"],"jetpack_publicize_connections":[],"jetpack_featured_media_url":"https:\/\/laurbedigital.com.ar\/noticias\/wp-content\/uploads\/2020\/12\/20201204-trenes.jpg","_links":{"self":[{"href":"https:\/\/laurbedigital.com.ar\/noticias\/wp-json\/wp\/v2\/posts\/41873","targetHints":{"allow":["GET"]}}],"collection":[{"href":"https:\/\/laurbedigital.com.ar\/noticias\/wp-json\/wp\/v2\/posts"}],"about":[{"href":"https:\/\/laurbedigital.com.ar\/noticias\/wp-json\/wp\/v2\/types\/post"}],"author":[{"embeddable":true,"href":"https:\/\/laurbedigital.com.ar\/noticias\/wp-json\/wp\/v2\/users\/1"}],"replies":[{"embeddable":true,"href":"https:\/\/laurbedigital.com.ar\/noticias\/wp-json\/wp\/v2\/comments?post=41873"}],"version-history":[{"count":1,"href":"https:\/\/laurbedigital.com.ar\/noticias\/wp-json\/wp\/v2\/posts\/41873\/revisions"}],"predecessor-version":[{"id":41875,"href":"https:\/\/laurbedigital.com.ar\/noticias\/wp-json\/wp\/v2\/posts\/41873\/revisions\/41875"}],"wp:featuredmedia":[{"embeddable":true,"href":"https:\/\/laurbedigital.com.ar\/noticias\/wp-json\/wp\/v2\/media\/41874"}],"wp:attachment":[{"href":"https:\/\/laurbedigital.com.ar\/noticias\/wp-json\/wp\/v2\/media?parent=41873"}],"wp:term":[{"taxonomy":"category","embeddable":true,"href":"https:\/\/laurbedigital.com.ar\/noticias\/wp-json\/wp\/v2\/categories?post=41873"},{"taxonomy":"post_tag","embeddable":true,"href":"https:\/\/laurbedigital.com.ar\/noticias\/wp-json\/wp\/v2\/tags?post=41873"}],"curies":[{"name":"wp","href":"https:\/\/api.w.org\/{rel}","templated":true}]}}