{"id":41756,"date":"2020-12-02T14:27:53","date_gmt":"2020-12-02T17:27:53","guid":{"rendered":"https:\/\/laurbedigital.com.ar\/noticias\/?p=41756"},"modified":"2020-12-02T14:27:53","modified_gmt":"2020-12-02T17:27:53","slug":"41756","status":"publish","type":"post","link":"https:\/\/laurbedigital.com.ar\/noticias\/2020\/12\/02\/41756\/","title":{"rendered":"Conmemoran el D\u00eda de las Personas con Discapacidad con agenda de actividades virtuales"},"content":{"rendered":"<p>&nbsp;<\/p>\n<h5><span style=\"font-weight: 400;\">El Municipio de Almirante Brown inform\u00f3 que conmemora el D\u00eda Internacional de las Personas con Discapacidad con una agenda de actividades que incluyen durante tres d\u00edas muestras de arte visual, teatro, narraci\u00f3n, danza y m\u00fasica.<\/p>\n<p><strong><em>(Im\u00e1genes de archivo)<\/em><\/strong><\/span><\/h5>\n<p><span style=\"font-weight: 400;\">En esta oportunidad, producto de la pandemia, las jornadas tituladas <strong>\u201cNada de nosotros sin nosotros\u201d<\/strong> se llevar\u00e1n adelante de forma virtual mediante streaming y videos en las cuentas de Facebook e Instagram del Instituto Municipal de las Culturas.<\/span><\/p>\n<p><span style=\"font-weight: 400;\">Durante los tres d\u00edas se presentar\u00e1n diferentes iniciativas y actividades art\u00edsticas realizadas por personas con discapacidad, considerados promotores culturales del distrito, en un trabajo articulado entre las \u00e1reas de Salud, Cultura y Educaci\u00f3n. En este sentido, las muestras incluyen arte visual, teatro, narraci\u00f3n, danza y m\u00fasica.<\/span><\/p>\n<p><span style=\"font-weight: 400;\">Desde la gesti\u00f3n que encabeza el intendente Mariano Cascallares remarcaron que es \u201ctrascendental concientizar, difundir y fomentar la lucha de los derechos de las personas con discapacidad\u201d, motivo por el cual estas actividades que cada a\u00f1o se realizan de forma presencial se trasladaron al \u00e1mbito virtual para darle \u201ccontinuidad a todo el trabajo que se viene haciendo\u201d.<\/span><\/p>\n<p><span style=\"font-weight: 400;\">En este sentido, Nora Saporiti, la titular del Consejo de Discapacidad, expres\u00f3 que en este a\u00f1o tan particular es <em>\u201cimportante conmemorar esta fecha tan especial a trav\u00e9s de las redes sociales y acompa\u00f1ar la lucha por los derechos, estando presente a\u00fan en la distancia\u201d.<\/em><\/span><\/p>\n<p><img loading=\"lazy\" decoding=\"async\" class=\"alignnone size-full wp-image-41759\" src=\"https:\/\/laurbedigital.com.ar\/noticias\/wp-content\/uploads\/2020\/12\/20201202-Brown-dia-internaciona-discapacidad-1.jpg\" alt=\"\" width=\"800\" height=\"446\" title=\"\" srcset=\"https:\/\/laurbedigital.com.ar\/noticias\/wp-content\/uploads\/2020\/12\/20201202-Brown-dia-internaciona-discapacidad-1.jpg 800w, https:\/\/laurbedigital.com.ar\/noticias\/wp-content\/uploads\/2020\/12\/20201202-Brown-dia-internaciona-discapacidad-1-300x167.jpg 300w, https:\/\/laurbedigital.com.ar\/noticias\/wp-content\/uploads\/2020\/12\/20201202-Brown-dia-internaciona-discapacidad-1-768x428.jpg 768w\" sizes=\"auto, (max-width: 800px) 100vw, 800px\" \/><\/p>\n<p><b>CRONOGRAMA<\/b><\/p>\n<p><span style=\"font-weight: 400;\">El martes 1 de diciembre se llevaron adelante diferentes actividades, entre ellas presentaciones de artes visuales, danzas, producciones audiovisuales, muestras de canto y obras art\u00edsticas mediante videos por Facebook e Instagram.<\/span><\/p>\n<p><span style=\"font-weight: 400;\">Este mi\u00e9rcoles 2 de diciembre, en tanto, la jornada incluye a las 10 un acto de apertura; a las 11 una producci\u00f3n audiovisual realizada por la alumna Paula Gauna; a las 12 una muestra de obras y narraci\u00f3n realizadas por instituciones para los Juegos Bonaerenses; y a las 13 la presentaci\u00f3n de la galer\u00eda de artes visuales \u201cToma mi Arte\u201d.<\/span><\/p>\n<p><span style=\"font-weight: 400;\">A las 14 un show de canto; a las 15 un cap\u00edtulo de la mini serie \u201cUna cita a la tardecita\u201d; a las 16 el alumno Nicol\u00e1s Casta\u00f1o realiza una clase sobre Antonio Berni; a las 17 un show de narraciones; a las 18 una producci\u00f3n audiovisual con baile urbano inclusivo y a las 19 la obra teatral \u201cJuegos a la hora de la siesta\u201d.<\/span><\/p>\n<p><span style=\"font-weight: 400;\">Finalmente, ma\u00f1ana jueves 3 de diciembre la iniciativa incluir\u00e1 un acto de apertura desde las 10 con un video del Movimiento por la Vida Aut\u00f3noma de las Personas con Discapacidad o Diversidad Funcional; a las 12 una charla v\u00eda streaming de deporte a nivel nacional y a las 13 un nuevo cap\u00edtulo de la miniserie.<\/span><\/p>\n<p><span style=\"font-weight: 400;\">A las 15, asimismo, una charla por streaming con trabajadores y trabajadoras de la cultura inclusiva; a las 17 nuevamente una charla deportiva por streaming; y a las 19 la presentaci\u00f3n de un video del grupo teatral de la compa\u00f1\u00eda \u201cVerte Volar\u201d quienes presentar\u00e1n un show de rock titulado \u201cNada que Perder\u201d, adem\u00e1s de la presentaci\u00f3n de la compa\u00f1\u00eda Cabeza de Alfajor.<\/span><\/p>\n<p>&nbsp;<\/p>\n","protected":false},"excerpt":{"rendered":"<p>&nbsp; El Municipio de Almirante Brown inform\u00f3 que conmemora el D\u00eda Internacional de las Personas con Discapacidad con una agenda<\/p>\n","protected":false},"author":1,"featured_media":41758,"comment_status":"closed","ping_status":"closed","sticky":false,"template":"","format":"standard","meta":{"kia_subtitle":"","footnotes":"","jetpack_publicize_message":"","jetpack_publicize_feature_enabled":true,"jetpack_social_post_already_shared":true,"jetpack_social_options":{"image_generator_settings":{"template":"highway","default_image_id":0,"font":"","enabled":false},"version":2}},"categories":[2,33],"tags":[],"class_list":["post-41756","post","type-post","status-publish","format-standard","has-post-thumbnail","hentry","category-alte-brown","category-alte-brown-alte-brown"],"jetpack_publicize_connections":[],"jetpack_featured_media_url":"https:\/\/laurbedigital.com.ar\/noticias\/wp-content\/uploads\/2020\/12\/20201202-Brown-dia-internaciona-discapacidad.jpg","_links":{"self":[{"href":"https:\/\/laurbedigital.com.ar\/noticias\/wp-json\/wp\/v2\/posts\/41756","targetHints":{"allow":["GET"]}}],"collection":[{"href":"https:\/\/laurbedigital.com.ar\/noticias\/wp-json\/wp\/v2\/posts"}],"about":[{"href":"https:\/\/laurbedigital.com.ar\/noticias\/wp-json\/wp\/v2\/types\/post"}],"author":[{"embeddable":true,"href":"https:\/\/laurbedigital.com.ar\/noticias\/wp-json\/wp\/v2\/users\/1"}],"replies":[{"embeddable":true,"href":"https:\/\/laurbedigital.com.ar\/noticias\/wp-json\/wp\/v2\/comments?post=41756"}],"version-history":[{"count":1,"href":"https:\/\/laurbedigital.com.ar\/noticias\/wp-json\/wp\/v2\/posts\/41756\/revisions"}],"predecessor-version":[{"id":41760,"href":"https:\/\/laurbedigital.com.ar\/noticias\/wp-json\/wp\/v2\/posts\/41756\/revisions\/41760"}],"wp:featuredmedia":[{"embeddable":true,"href":"https:\/\/laurbedigital.com.ar\/noticias\/wp-json\/wp\/v2\/media\/41758"}],"wp:attachment":[{"href":"https:\/\/laurbedigital.com.ar\/noticias\/wp-json\/wp\/v2\/media?parent=41756"}],"wp:term":[{"taxonomy":"category","embeddable":true,"href":"https:\/\/laurbedigital.com.ar\/noticias\/wp-json\/wp\/v2\/categories?post=41756"},{"taxonomy":"post_tag","embeddable":true,"href":"https:\/\/laurbedigital.com.ar\/noticias\/wp-json\/wp\/v2\/tags?post=41756"}],"curies":[{"name":"wp","href":"https:\/\/api.w.org\/{rel}","templated":true}]}}