{"id":41753,"date":"2020-12-02T12:58:24","date_gmt":"2020-12-02T15:58:24","guid":{"rendered":"https:\/\/laurbedigital.com.ar\/noticias\/?p=41753"},"modified":"2020-12-02T12:58:24","modified_gmt":"2020-12-02T15:58:24","slug":"condenaron-a-perpetua-a-etchecolatz-por-los-crimenes-en-la-brigada-san-justo","status":"publish","type":"post","link":"https:\/\/laurbedigital.com.ar\/noticias\/2020\/12\/02\/condenaron-a-perpetua-a-etchecolatz-por-los-crimenes-en-la-brigada-san-justo\/","title":{"rendered":"Condenaron a perpetua a Etchecolatz por los cr\u00edmenes en la Brigada San Justo"},"content":{"rendered":"<p>&nbsp;<\/p>\n<p>Es la octava condena a perpetua que recibe el represor, quien sigui\u00f3 el veredicto desde el penal de Campo de Mayo.<\/p>\n<p>El Tribunal Oral Federal 1 de La Plata conden\u00f3 hoy a prisi\u00f3n perpetua al represor Miguel Etchecolatz por los secuestros, torturas y cr\u00edmenes cometidos en el centro clandestino de detenci\u00f3n que funcion\u00f3 en la Brigada San Justo durante la \u00faltima dictadura militar.<\/p>\n<p>Se trata de la octava condena a perpetua que recibe Etchecolatz por su participaci\u00f3n en delitos de lesa humanidad y el represor sigui\u00f3 el veredicto desde el penal de Campo de Mayo, donde se encuentra detenido por otras causas.<\/p>\n<p><strong>Para escuchar la pena, se puso de pie y se pudo observar un cartel que se hab\u00eda colgado del cuello con la leyenda: \u00abSe\u00f1or Jes\u00fas, si me condenan es por seguir tu causa\u00bb.<\/strong><\/p>\n<div class=\"auth\"><strong>El juicio<\/strong><\/div>\n<p>El represor fue condenado a perpetua en el marco del juicio que investigaba las privaciones ileg\u00edtimas de la libertad, agravada por torturas, homicidio y abuso sexual en perjuicio de 84 v\u00edctimas que estuvieron cautivas durante la dictadura en el centro clandestino que funcion\u00f3 en la Brigada San Justo.<\/p>\n<p>En el proceso oral y p\u00fablico de esta causa estuvieron imputados miembros del Ej\u00e9rcito, de la Polic\u00eda de la Provincia de Buenos Aires y civiles que integraron el gobierno bonaerense durante los a\u00f1os del terrorismo de Estado.<\/p>\n<p>Entre ellos se contaron Rodolfo Enrique Godoy, responsable del \u00c1rea 114; Roberto Armando Balmaceda, Jorge H\u00e9ctor Di Pasquale, Ricardo Armando Fern\u00e1ndez, Emilio Alberto Herrero Anzorena, Carlos del Se\u00f1or Hidalgo Garz\u00f3n y Carlos Mar\u00eda Romero Pav\u00f3n, quienes integraron el Destacamento de Inteligencia 101.<\/p>\n<p>La asociaci\u00f3n Abuelas de Plaza de Mayo, querellante en este juicio, record\u00f3 a trav\u00e9s de un comunicado que,\u00a0<strong>entre los casos que se analizaron en el debate, se encuentran los secuestros de Mar\u00eda Asunci\u00f3n Artigas, M\u00f3nica Sof\u00eda Grinspon y M\u00f3nica Mar\u00eda Lemos<\/strong>, quienes permanecieron detenidas embarazadas en la Brigada de San Justo y fueron trasladadas al Pozo de Banfield.<\/p>\n<p>All\u00ed, Mar\u00eda Asunci\u00f3n y M\u00f3nica dieron a luz a sus hijas, Victoria Moyano Artigas y Mar\u00eda Jos\u00e9 Lavalle Lemos, restituidas en 1988 y 1987, respectivamente.<\/p>\n<p>Por otra parte, se investigaron los hechos en torno a las hijas de M\u00f3nica Mar\u00eda Lemos: Mar\u00eda Lavalle, luego de ser secuestrada junto a sus padres, permaneci\u00f3 en la Brigada de San Justo hasta ser entregada d\u00edas despu\u00e9s a unos vecinos, y su hermana, Mar\u00eda Jos\u00e9 Lavalle Lemos, fue entregada en aquella Brigada a quien la inscribi\u00f3 como hija propia, Teresa Isabel Gonz\u00e1lez.<\/p>\n<p>Tambi\u00e9n se incluyeron los secuestros de Claudio Ernesto Logares y Gustavo Antonio Lavalle. Ambos fueron secuestrados con sus compa\u00f1eras e hijas.<\/p>\n<p>La Brigada de Investigaciones de San Justo funcionaba en Salta 2450, San Justo, en conjunto con las dependencias de la Comisar\u00eda 1\u00ba de La Matanza.<\/p>\n<p>&nbsp;<\/p>\n<p>&nbsp;<\/p>\n","protected":false},"excerpt":{"rendered":"<p>&nbsp; Es la octava condena a perpetua que recibe el represor, quien sigui\u00f3 el veredicto desde el penal de Campo<\/p>\n","protected":false},"author":1,"featured_media":41754,"comment_status":"closed","ping_status":"closed","sticky":false,"template":"","format":"standard","meta":{"kia_subtitle":"","footnotes":"","jetpack_publicize_message":"","jetpack_publicize_feature_enabled":true,"jetpack_social_post_already_shared":true,"jetpack_social_options":{"image_generator_settings":{"template":"highway","default_image_id":0,"font":"","enabled":false},"version":2}},"categories":[3],"tags":[],"class_list":["post-41753","post","type-post","status-publish","format-standard","has-post-thumbnail","hentry","category-actualidad"],"jetpack_publicize_connections":[],"jetpack_featured_media_url":"https:\/\/laurbedigital.com.ar\/noticias\/wp-content\/uploads\/2020\/12\/20201202-Etchecolatz.jpg","_links":{"self":[{"href":"https:\/\/laurbedigital.com.ar\/noticias\/wp-json\/wp\/v2\/posts\/41753","targetHints":{"allow":["GET"]}}],"collection":[{"href":"https:\/\/laurbedigital.com.ar\/noticias\/wp-json\/wp\/v2\/posts"}],"about":[{"href":"https:\/\/laurbedigital.com.ar\/noticias\/wp-json\/wp\/v2\/types\/post"}],"author":[{"embeddable":true,"href":"https:\/\/laurbedigital.com.ar\/noticias\/wp-json\/wp\/v2\/users\/1"}],"replies":[{"embeddable":true,"href":"https:\/\/laurbedigital.com.ar\/noticias\/wp-json\/wp\/v2\/comments?post=41753"}],"version-history":[{"count":1,"href":"https:\/\/laurbedigital.com.ar\/noticias\/wp-json\/wp\/v2\/posts\/41753\/revisions"}],"predecessor-version":[{"id":41755,"href":"https:\/\/laurbedigital.com.ar\/noticias\/wp-json\/wp\/v2\/posts\/41753\/revisions\/41755"}],"wp:featuredmedia":[{"embeddable":true,"href":"https:\/\/laurbedigital.com.ar\/noticias\/wp-json\/wp\/v2\/media\/41754"}],"wp:attachment":[{"href":"https:\/\/laurbedigital.com.ar\/noticias\/wp-json\/wp\/v2\/media?parent=41753"}],"wp:term":[{"taxonomy":"category","embeddable":true,"href":"https:\/\/laurbedigital.com.ar\/noticias\/wp-json\/wp\/v2\/categories?post=41753"},{"taxonomy":"post_tag","embeddable":true,"href":"https:\/\/laurbedigital.com.ar\/noticias\/wp-json\/wp\/v2\/tags?post=41753"}],"curies":[{"name":"wp","href":"https:\/\/api.w.org\/{rel}","templated":true}]}}