{"id":41343,"date":"2020-11-27T11:18:48","date_gmt":"2020-11-27T14:18:48","guid":{"rendered":"https:\/\/laurbedigital.com.ar\/noticias\/?p=41343"},"modified":"2020-11-27T11:18:48","modified_gmt":"2020-11-27T14:18:48","slug":"la-provincia-de-buenos-aires-recibio-una-donacion-de-insumos-medicos-de-la-union-europea","status":"publish","type":"post","link":"https:\/\/laurbedigital.com.ar\/noticias\/2020\/11\/27\/la-provincia-de-buenos-aires-recibio-una-donacion-de-insumos-medicos-de-la-union-europea\/","title":{"rendered":"La provincia de Buenos Aires recibi\u00f3 una donaci\u00f3n de insumos m\u00e9dicos de la Uni\u00f3n Europea"},"content":{"rendered":"<p>&nbsp;<\/p>\n<h5>Los materiales donados incluyen \u00abgrandes cantidades de alcohol en gel, jab\u00f3n l\u00edquido para manos antibacteriano, m\u00e1scaras de protecci\u00f3n y barbijos bicapa, guantes de l\u00e1tex, mamelucos, camisolines y cofias descartables\u00bb.<\/h5>\n<p>La Provincia de Buenos Aires recibi\u00f3 una donaci\u00f3n de insumos m\u00e9dicos de parte de la Uni\u00f3n Europea, a trav\u00e9s de la Organizaci\u00f3n Internacional para las Migraciones (OIM), que ser\u00e1n destinados a hospitales de cuatro municipios.<\/p>\n<p>En un comunicado, se detall\u00f3 que\u00a0<strong>los materiales donados incluyen \u00abgrandes cantidades de alcohol en gel, jab\u00f3n l\u00edquido para manos antibacteriano, m\u00e1scaras de protecci\u00f3n y barbijos bicapa, guantes de l\u00e1tex, mamelucos, camisolines y cofias descartables\u00bb.<\/strong><\/p>\n<p><strong>Todo ello ser\u00e1 destinados a hospitales ubicados en los municipios de la provincia<em>\u00a0\u00abque cuentan con mayor cantidad de poblaci\u00f3n migrante y desplazada forzosamente: Dr. Alberto Balestrini (La Matanza), Luisa C. de Gandulfo (Lomas de Zamora), General San Mart\u00edn (La Plata) y Dr. Isidoro Iriarte (Quilmes)\u00bb.<\/em><\/strong><\/p>\n<blockquote><p><em>\u201cConsideramos que la solidaridad internacional es esencial para afrontar las consecuencias de la crisis sanitaria. Estamos felices de colaborar con la provincia de Buenos Aires\u201d<\/em><\/p>\n<div class=\"sign\">AUDE MAIO-COLICHE, EMBAJADORA DE LA UNI\u00d3N EUROPEA<\/div>\n<\/blockquote>\n<p>El jefe de Gabinete bonaerense, Carlos Bianco, recibi\u00f3 a la embajadora de la Uni\u00f3n Europea en Argentina, Aude Maio-Coliche, y a la jefa de oficina de Organizaci\u00f3n Internacional para las Migraciones (OIM) en Argentina, seg\u00fan se precis\u00f3.<\/p>\n<p><em><strong>\u201cAgradecemos la donaci\u00f3n que solidariamente realiza la Uni\u00f3n Europea y celebramos la construcci\u00f3n y el fortalecimiento de v\u00ednculos entre la provincia y otras entidades plurinacionales y organismos internacionales, que contribuyen al trabajo que venimos realizando para enfrentar las consecuencias de la pandemia\u201d,<\/strong><\/em>\u00a0dijo Bianco.<\/p>\n<p>En tanto, la embajadora Maio-Coliche se\u00f1al\u00f3 que \u201clos ciudadanos europeos, que siempre han estado cerca de Argentina por sus v\u00ednculos culturales e hist\u00f3ricos, lo est\u00e1n tambi\u00e9n en el contexto de esta pandemia\u201d.<\/p>\n<p><em>\u201cConsideramos que la solidaridad internacional es esencial para afrontar las consecuencias de la crisis sanitaria. Estamos felices de colaborar con la provincia de Buenos Aires\u201d,<\/em> indic\u00f3.<\/p>\n<p>Tras el encuentro, el viceministro de Salud provincial,\u00a0<strong>Nicol\u00e1s Kreplak, agradeci\u00f3 la donaci\u00f3n<\/strong>\u00a0y destac\u00f3 el apoyo a la poblaci\u00f3n m\u00e1s vulnerable.<\/p>\n<p><em><strong>\u201cEn una pandemia, en la que todo es m\u00e1s tr\u00e1gico y doloroso, es de fundamental importancia llevar adelante una pol\u00edtica de Estado orientada a ayudar a quienes est\u00e1n m\u00e1s desarraigados y m\u00e1s lo necesitan\u201d<\/strong>,<\/em> afirm\u00f3.<\/p>\n<p>&nbsp;<\/p>\n<p>&nbsp;<\/p>\n<div class=\"addthis_custom_sharing\" data-url=\"https:\/\/www.telam.com.ar\/notas\/202011\/536656-provincia-buenos-aires-insumos-medicos-union-europea.html\" data-title=\"La provincia de Buenos Aires recibi\u00f3 una donaci\u00f3n de insumos m\u00e9dicos de la Uni\u00f3n Europea\" data-description=\"Los materiales donados incluyen &quot;grandes cantidades de alcohol en gel, jab\u00f3n l\u00edquido para manos antibacteriano, m\u00e1scaras de protecci\u00f3n y barbijos bicapa, guantes de l\u00e1tex, mamelucos, camisolines y cofias descartables&quot;.\">\n<div id=\"atstbx\" class=\"at-resp-share-element at-style-responsive addthis-smartlayers addthis-animated at4-show\" role=\"region\" aria-labelledby=\"at-5d16426c-04c0-42ec-9c58-dd57cef40d21\"><\/div>\n<\/div>\n","protected":false},"excerpt":{"rendered":"<p>&nbsp; Los materiales donados incluyen \u00abgrandes cantidades de alcohol en gel, jab\u00f3n l\u00edquido para manos antibacteriano, m\u00e1scaras de protecci\u00f3n y<\/p>\n","protected":false},"author":1,"featured_media":41344,"comment_status":"closed","ping_status":"closed","sticky":false,"template":"","format":"standard","meta":{"kia_subtitle":"","footnotes":"","jetpack_publicize_message":"","jetpack_publicize_feature_enabled":true,"jetpack_social_post_already_shared":true,"jetpack_social_options":{"image_generator_settings":{"template":"highway","default_image_id":0,"font":"","enabled":false},"version":2}},"categories":[3,56],"tags":[],"class_list":["post-41343","post","type-post","status-publish","format-standard","has-post-thumbnail","hentry","category-actualidad","category-buenos-aires"],"jetpack_publicize_connections":[],"jetpack_featured_media_url":"https:\/\/laurbedigital.com.ar\/noticias\/wp-content\/uploads\/2020\/11\/20201127-Provincia-de-buenos-aires-insumos-medicos.jpg","_links":{"self":[{"href":"https:\/\/laurbedigital.com.ar\/noticias\/wp-json\/wp\/v2\/posts\/41343","targetHints":{"allow":["GET"]}}],"collection":[{"href":"https:\/\/laurbedigital.com.ar\/noticias\/wp-json\/wp\/v2\/posts"}],"about":[{"href":"https:\/\/laurbedigital.com.ar\/noticias\/wp-json\/wp\/v2\/types\/post"}],"author":[{"embeddable":true,"href":"https:\/\/laurbedigital.com.ar\/noticias\/wp-json\/wp\/v2\/users\/1"}],"replies":[{"embeddable":true,"href":"https:\/\/laurbedigital.com.ar\/noticias\/wp-json\/wp\/v2\/comments?post=41343"}],"version-history":[{"count":1,"href":"https:\/\/laurbedigital.com.ar\/noticias\/wp-json\/wp\/v2\/posts\/41343\/revisions"}],"predecessor-version":[{"id":41345,"href":"https:\/\/laurbedigital.com.ar\/noticias\/wp-json\/wp\/v2\/posts\/41343\/revisions\/41345"}],"wp:featuredmedia":[{"embeddable":true,"href":"https:\/\/laurbedigital.com.ar\/noticias\/wp-json\/wp\/v2\/media\/41344"}],"wp:attachment":[{"href":"https:\/\/laurbedigital.com.ar\/noticias\/wp-json\/wp\/v2\/media?parent=41343"}],"wp:term":[{"taxonomy":"category","embeddable":true,"href":"https:\/\/laurbedigital.com.ar\/noticias\/wp-json\/wp\/v2\/categories?post=41343"},{"taxonomy":"post_tag","embeddable":true,"href":"https:\/\/laurbedigital.com.ar\/noticias\/wp-json\/wp\/v2\/tags?post=41343"}],"curies":[{"name":"wp","href":"https:\/\/api.w.org\/{rel}","templated":true}]}}