{"id":40799,"date":"2020-11-19T09:17:19","date_gmt":"2020-11-19T12:17:19","guid":{"rendered":"https:\/\/laurbedigital.com.ar\/noticias\/?p=40799"},"modified":"2020-11-19T09:17:19","modified_gmt":"2020-11-19T12:17:19","slug":"fue-apunalada-a-una-chica-de-13-anos-y-por-el-ataque-detienen-a-su-novio","status":"publish","type":"post","link":"https:\/\/laurbedigital.com.ar\/noticias\/2020\/11\/19\/fue-apunalada-a-una-chica-de-13-anos-y-por-el-ataque-detienen-a-su-novio\/","title":{"rendered":"Fue apu\u00f1alada una chica de 13 a\u00f1os y detienen a su novio por el ataque"},"content":{"rendered":"<p>&nbsp;<\/p>\n<h5>El ataque ocurri\u00f3 en la localidad bonaerense de Azul, en plena v\u00eda p\u00fablica donde la adolescente result\u00f3 gravemente herida y permanece en terapia intensiva.<\/h5>\n<p><strong>Una adolescente de 13 a\u00f1os fue apu\u00f1alada en la ciudad bonaerense de Azul y luego de ser operada este mi\u00e9rcoles a la noche permanec\u00eda internada en grave estado,<\/strong>\u00a0y por la tentativa de femicidio detuvieron al novio de la v\u00edctima, tambi\u00e9n menor de edad, informaron fuentes judiciales y policiales.<\/p>\n<p>El hecho ocurri\u00f3 este martes en la esquina de las calles San Mart\u00edn y Leyria de dicha ciudad del partido hom\u00f3nimo del centro de la provincia de Buenos Aires.<\/p>\n<p>Voceros judiciales y policiales informaron a la agencia T\u00e9lam que\u00a0<strong>en plena v\u00eda p\u00fablica, un adolescente de 16 a\u00f1os atac\u00f3 a pu\u00f1aladas a su novia de 13, que result\u00f3 gravemente herida.<\/strong><\/p>\n<p><strong>La adolescente fue trasladada de urgencia a un hospital de Azul, donde fue intervenida quir\u00fargicamente y este mi\u00e9rcoles permanec\u00eda internada en terapia intensiva.<\/strong><\/p>\n<p>En tanto, el presunto agresor fue aprehendido por la Polic\u00eda y alojado en el Instituto de Menores Leopoldo Lugones de dicha ciudad, a\u00f1adieron las fuentes consultadas.<\/p>\n<p>Interviene en la causa la fiscal del Fuero de Responsabilidad Juvenil del Departamento Judicial de Azul, Mariela Viceconte, quien solicit\u00f3 la detenci\u00f3n formal del imputado al juez de Garant\u00edas del Joven, Javier Barda, cuya decisi\u00f3n se aguardaba.<\/p>\n<p><strong><em>Si sos v\u00edctima de violencia de g\u00e9nero o conoc\u00e9s a alguien que necesite ayuda, comunicate a la l\u00ednea nacional y gratuita 144, que funciona todos los d\u00edas del a\u00f1o, las 24 horas.<\/em><\/strong><\/p>\n<p>&nbsp;<\/p>\n<p>&nbsp;<\/p>\n","protected":false},"excerpt":{"rendered":"<p>&nbsp; El ataque ocurri\u00f3 en la localidad bonaerense de Azul, en plena v\u00eda p\u00fablica donde la adolescente result\u00f3 gravemente herida<\/p>\n","protected":false},"author":1,"featured_media":40800,"comment_status":"closed","ping_status":"closed","sticky":false,"template":"","format":"standard","meta":{"kia_subtitle":"","footnotes":"","jetpack_publicize_message":"","jetpack_publicize_feature_enabled":true,"jetpack_social_post_already_shared":true,"jetpack_social_options":{"image_generator_settings":{"template":"highway","default_image_id":0,"font":"","enabled":false},"version":2}},"categories":[8],"tags":[],"class_list":["post-40799","post","type-post","status-publish","format-standard","has-post-thumbnail","hentry","category-policiales"],"jetpack_publicize_connections":[],"jetpack_featured_media_url":"https:\/\/laurbedigital.com.ar\/noticias\/wp-content\/uploads\/2020\/11\/20201118-violencia-de-genero.jpg","_links":{"self":[{"href":"https:\/\/laurbedigital.com.ar\/noticias\/wp-json\/wp\/v2\/posts\/40799","targetHints":{"allow":["GET"]}}],"collection":[{"href":"https:\/\/laurbedigital.com.ar\/noticias\/wp-json\/wp\/v2\/posts"}],"about":[{"href":"https:\/\/laurbedigital.com.ar\/noticias\/wp-json\/wp\/v2\/types\/post"}],"author":[{"embeddable":true,"href":"https:\/\/laurbedigital.com.ar\/noticias\/wp-json\/wp\/v2\/users\/1"}],"replies":[{"embeddable":true,"href":"https:\/\/laurbedigital.com.ar\/noticias\/wp-json\/wp\/v2\/comments?post=40799"}],"version-history":[{"count":1,"href":"https:\/\/laurbedigital.com.ar\/noticias\/wp-json\/wp\/v2\/posts\/40799\/revisions"}],"predecessor-version":[{"id":40801,"href":"https:\/\/laurbedigital.com.ar\/noticias\/wp-json\/wp\/v2\/posts\/40799\/revisions\/40801"}],"wp:featuredmedia":[{"embeddable":true,"href":"https:\/\/laurbedigital.com.ar\/noticias\/wp-json\/wp\/v2\/media\/40800"}],"wp:attachment":[{"href":"https:\/\/laurbedigital.com.ar\/noticias\/wp-json\/wp\/v2\/media?parent=40799"}],"wp:term":[{"taxonomy":"category","embeddable":true,"href":"https:\/\/laurbedigital.com.ar\/noticias\/wp-json\/wp\/v2\/categories?post=40799"},{"taxonomy":"post_tag","embeddable":true,"href":"https:\/\/laurbedigital.com.ar\/noticias\/wp-json\/wp\/v2\/tags?post=40799"}],"curies":[{"name":"wp","href":"https:\/\/api.w.org\/{rel}","templated":true}]}}