{"id":40652,"date":"2020-11-17T13:40:30","date_gmt":"2020-11-17T16:40:30","guid":{"rendered":"https:\/\/laurbedigital.com.ar\/noticias\/?p=40652"},"modified":"2020-11-17T13:40:30","modified_gmt":"2020-11-17T16:40:30","slug":"los-docentes-portenos-de-ute-denunciaron-ante-el-inadi-a-la-ministra-de-educacion","status":"publish","type":"post","link":"https:\/\/laurbedigital.com.ar\/noticias\/2020\/11\/17\/los-docentes-portenos-de-ute-denunciaron-ante-el-inadi-a-la-ministra-de-educacion\/","title":{"rendered":"Los docentes porte\u00f1os de UTE denunciaron a Soledad Acu\u00f1as ante el INADI y piden su renuncia"},"content":{"rendered":"<p>&nbsp;<\/p>\n<h5>Fue despu\u00e9s de que la ministra de Educaci\u00f3n de la Ciudad de Buenos Aires acus\u00f3 a los docentes de \u00abadoctrinar\u00bb a los alumnos y de elegir la docencia tras \u00abhaber fracasado en otras carreras\u00bb.<\/h5>\n<p>La ministra de Educaci\u00f3n porte\u00f1a, Soledad Acu\u00f1a,\u00a0<strong>fue denunciada ante el INADI por la Uni\u00f3n de Trabajadores de la Educaci\u00f3n (UTE),<\/strong>\u00a0luego de que la funcionaria acus\u00f3 a los docentes de \u00abadoctrinar\u00bb a los alumnos y de elegir la docencia tras \u00abhaber fracasado en otras carreras\u00bb.<\/p>\n<p>As\u00ed lo confirm\u00f3 este martes el gremio con\u00a0<a href=\"https:\/\/ute.org.ar\/la-ute-denuncia-a-acuna-frente-al-inadi-por-sus-declaraciones-discriminatoria\/\" target=\"_blank\" rel=\"noopener noreferrer\">un comunicado en su p\u00e1gina web,<\/a>\u00a0donde adem\u00e1s figura el instructivo para que los docentes puedan presentar ante el Instituto Nacional contra la Discriminaci\u00f3n, la Xenofobia y el Racismo sus propias denuncias.<\/p>\n<p>Por su parte, la\u00a0<strong>Secretaria General de la Confederaci\u00f3n de Trabajadores de la Educaci\u00f3n de la Rep\u00fablica Argentina (CTERA), Sonia Alesso,<\/strong>\u00a0tambi\u00e9n ratific\u00f3 la decisi\u00f3n de UTE de hacer una presentaci\u00f3n ante el INADI y adelant\u00f3 que desde la central docente tambi\u00e9n har\u00e1n una\u00a0<strong>denuncia ante la Organizaci\u00f3n Internacional del Trabajo (OIT)<\/strong><\/p>\n<p><em><strong>\u00abAcu\u00f1a piensa lo que dijo en el Zoom. Por ah\u00ed se cuida en alguna entrevista pero lo que dijo es lo que piensa\u00bb,<\/strong>\u00a0<\/em>dijo Alesso en referencia a que la ministra porte\u00f1a calific\u00f3 de esa manera a los docentes durante un encuentro virtual en la plataforma Zoom con dirigentes de Juntos por el Cambio.<\/p>\n<p><em><strong>\u00abExpresa una visi\u00f3n prejuiciosa, clasista y ofensiva a los docentes pero es la visi\u00f3n de Acu\u00f1a\u00bb,<\/strong>\u00a0<\/em>asegur\u00f3 Alesso, quien agreg\u00f3 que las opiniones de la funcionaria porte\u00f1a est\u00e1n en sinton\u00eda con la pol\u00edtica educativa en la Ciudad ya que, afirm\u00f3, <em>\u00abel macrismo subejecut\u00f3 el presupuesto educativo en la Ciudad y tuvo una baja en los 12 a\u00f1os de gesti\u00f3n PRO, desde Macri a Rodr\u00edguez Larreta\u00bb.<\/em><\/p>\n<p><em>\u00abEste discurso y sus pol\u00edticas educativas van de la mano\u00bb,<\/em> enfatiz\u00f3 Alesso en declaraciones a El Destape Radio.<\/p>\n<p>En el comunicado donde anuncian la presentaci\u00f3n ante el INADI, el gremio docente se\u00f1al\u00f3 que los dichos de Acu\u00f1a representan \u00abuna vez m\u00e1s el ataque y el llamado a la persecuci\u00f3n de la docencia como mecanismo de disciplinamiento, que remite a los momentos m\u00e1s oscuros de nuestra historia. Una vez m\u00e1s la acusaci\u00f3n de que &#8216;no ense\u00f1amos a pensar&#8217; sino que &#8216;adoctrinamos&#8217;. Una vez m\u00e1s la invitaci\u00f3n a las familias a denunciar a lxs docentes &#8216;ideologizados&#8217; ante el Ministerio para que intervenga en la situaci\u00f3n, instando a la persecuci\u00f3n\u00bb.<\/p>\n<blockquote><p>\u00abExpresa una visi\u00f3n prejuiciosa, clasista y ofensiva a los docentes pero es la visi\u00f3n de Acu\u00f1a\u00bb.<\/p>\n<div class=\"sign\">SONIA ALESSO<\/div>\n<\/blockquote>\n<p>El comunicado agrega: <em>\u00abNo podemos tolerar que se hable as\u00ed de las y los docentes de la Ciudad de Buenos Aires que ense\u00f1an con compromiso pedag\u00f3gico, formaci\u00f3n acad\u00e9mica, revisi\u00f3n de las pr\u00e1cticas y amorosidad, y ternura en la conformaci\u00f3n de verdaderas comunidades de aprendizaje para la vida y cada d\u00eda\u00bb.<\/em><\/p>\n<p>En ese sentido, Alesso se quej\u00f3 porque Acu\u00f1a <em>\u00abnos dijo fracasados, brutos, viejos, de izquierda, militantes\u2026es la suma de la zaga de caer en la escuela p\u00fablica y denunciar a los maestros que hacen paro\u00bb <\/em>Y advirti\u00f3 que <em>\u00abel macrismo tiene un proyecto educativo que va en contra de la educaci\u00f3n p\u00fablica\u00bb.<\/em><\/p>\n<p>&nbsp;<\/p>\n<p>&nbsp;<\/p>\n","protected":false},"excerpt":{"rendered":"<p>&nbsp; Fue despu\u00e9s de que la ministra de Educaci\u00f3n de la Ciudad de Buenos Aires acus\u00f3 a los docentes de<\/p>\n","protected":false},"author":1,"featured_media":40653,"comment_status":"closed","ping_status":"closed","sticky":false,"template":"","format":"standard","meta":{"kia_subtitle":"","footnotes":"","jetpack_publicize_message":"","jetpack_publicize_feature_enabled":true,"jetpack_social_post_already_shared":true,"jetpack_social_options":{"image_generator_settings":{"template":"highway","default_image_id":0,"font":"","enabled":false},"version":2}},"categories":[3,2544],"tags":[],"class_list":["post-40652","post","type-post","status-publish","format-standard","has-post-thumbnail","hentry","category-actualidad","category-ciudad-de-buenos-aires"],"jetpack_publicize_connections":[],"jetpack_featured_media_url":"https:\/\/laurbedigital.com.ar\/noticias\/wp-content\/uploads\/2020\/11\/20201117-ACUNA.jpg","_links":{"self":[{"href":"https:\/\/laurbedigital.com.ar\/noticias\/wp-json\/wp\/v2\/posts\/40652","targetHints":{"allow":["GET"]}}],"collection":[{"href":"https:\/\/laurbedigital.com.ar\/noticias\/wp-json\/wp\/v2\/posts"}],"about":[{"href":"https:\/\/laurbedigital.com.ar\/noticias\/wp-json\/wp\/v2\/types\/post"}],"author":[{"embeddable":true,"href":"https:\/\/laurbedigital.com.ar\/noticias\/wp-json\/wp\/v2\/users\/1"}],"replies":[{"embeddable":true,"href":"https:\/\/laurbedigital.com.ar\/noticias\/wp-json\/wp\/v2\/comments?post=40652"}],"version-history":[{"count":1,"href":"https:\/\/laurbedigital.com.ar\/noticias\/wp-json\/wp\/v2\/posts\/40652\/revisions"}],"predecessor-version":[{"id":40654,"href":"https:\/\/laurbedigital.com.ar\/noticias\/wp-json\/wp\/v2\/posts\/40652\/revisions\/40654"}],"wp:featuredmedia":[{"embeddable":true,"href":"https:\/\/laurbedigital.com.ar\/noticias\/wp-json\/wp\/v2\/media\/40653"}],"wp:attachment":[{"href":"https:\/\/laurbedigital.com.ar\/noticias\/wp-json\/wp\/v2\/media?parent=40652"}],"wp:term":[{"taxonomy":"category","embeddable":true,"href":"https:\/\/laurbedigital.com.ar\/noticias\/wp-json\/wp\/v2\/categories?post=40652"},{"taxonomy":"post_tag","embeddable":true,"href":"https:\/\/laurbedigital.com.ar\/noticias\/wp-json\/wp\/v2\/tags?post=40652"}],"curies":[{"name":"wp","href":"https:\/\/api.w.org\/{rel}","templated":true}]}}