{"id":40505,"date":"2020-11-15T22:29:50","date_gmt":"2020-11-16T01:29:50","guid":{"rendered":"https:\/\/laurbedigital.com.ar\/noticias\/?p=40505"},"modified":"2020-11-15T22:29:50","modified_gmt":"2020-11-16T01:29:50","slug":"emotivo-homenaje-a-los-heroes-del-ara-san-juan-en-rafael-calzada","status":"publish","type":"post","link":"https:\/\/laurbedigital.com.ar\/noticias\/2020\/11\/15\/emotivo-homenaje-a-los-heroes-del-ara-san-juan-en-rafael-calzada\/","title":{"rendered":"Emotivo homenaje a los h\u00e9roes del Ara San Juan en Rafael Calzada"},"content":{"rendered":"<p>&nbsp;<\/p>\n<h5>El Municipio de Almirante Brown y los ex combatientes de Malvinas de nuestro distrito realizaron un emotivo homenaje esta ma\u00f1ana a los tripulantes del submarino Ara San Juan hundido en las agua del Atl\u00e1ntico Sur hace exactamente tres a\u00f1os.<\/h5>\n<p>El homenaje tuvo lugar en el Monumento al submarino que emplaz\u00f3 el Municipio browniano en el Polideportivo de Rafael Calzada. En el lugar, pasadas las 10 de la ma\u00f1ana, se colocaron sendas ofrendas florales con la leyenda \u00abHomenaje del Pueblo y el Gobierno de Almirante Brown\u00bb y se realiz\u00f3 un minuto de silencio en honor a los tripulantes.<\/p>\n<p><img loading=\"lazy\" decoding=\"async\" class=\"alignnone size-full wp-image-40500\" src=\"https:\/\/laurbedigital.com.ar\/noticias\/wp-content\/uploads\/2020\/11\/20201114-brown-ara-san-juan-1.jpg\" alt=\"\" width=\"800\" height=\"446\" title=\"\" srcset=\"https:\/\/laurbedigital.com.ar\/noticias\/wp-content\/uploads\/2020\/11\/20201114-brown-ara-san-juan-1.jpg 800w, https:\/\/laurbedigital.com.ar\/noticias\/wp-content\/uploads\/2020\/11\/20201114-brown-ara-san-juan-1-300x167.jpg 300w, https:\/\/laurbedigital.com.ar\/noticias\/wp-content\/uploads\/2020\/11\/20201114-brown-ara-san-juan-1-768x428.jpg 768w\" sizes=\"auto, (max-width: 800px) 100vw, 800px\" \/><\/p>\n<p>&nbsp;<\/p>\n<p>&nbsp;<\/p>\n<p>&nbsp;<\/p>\n","protected":false},"excerpt":{"rendered":"<p>&nbsp; El Municipio de Almirante Brown y los ex combatientes de Malvinas de nuestro distrito realizaron un emotivo homenaje esta<\/p>\n","protected":false},"author":1,"featured_media":40499,"comment_status":"closed","ping_status":"closed","sticky":false,"template":"","format":"standard","meta":{"kia_subtitle":"","footnotes":"","jetpack_publicize_message":"","jetpack_publicize_feature_enabled":true,"jetpack_social_post_already_shared":true,"jetpack_social_options":{"image_generator_settings":{"template":"highway","default_image_id":0,"font":"","enabled":false},"version":2}},"categories":[2,33],"tags":[],"class_list":["post-40505","post","type-post","status-publish","format-standard","has-post-thumbnail","hentry","category-alte-brown","category-alte-brown-alte-brown"],"jetpack_publicize_connections":[],"jetpack_featured_media_url":"https:\/\/laurbedigital.com.ar\/noticias\/wp-content\/uploads\/2020\/11\/20201114-brown-ara-san-juan.jpg","_links":{"self":[{"href":"https:\/\/laurbedigital.com.ar\/noticias\/wp-json\/wp\/v2\/posts\/40505","targetHints":{"allow":["GET"]}}],"collection":[{"href":"https:\/\/laurbedigital.com.ar\/noticias\/wp-json\/wp\/v2\/posts"}],"about":[{"href":"https:\/\/laurbedigital.com.ar\/noticias\/wp-json\/wp\/v2\/types\/post"}],"author":[{"embeddable":true,"href":"https:\/\/laurbedigital.com.ar\/noticias\/wp-json\/wp\/v2\/users\/1"}],"replies":[{"embeddable":true,"href":"https:\/\/laurbedigital.com.ar\/noticias\/wp-json\/wp\/v2\/comments?post=40505"}],"version-history":[{"count":1,"href":"https:\/\/laurbedigital.com.ar\/noticias\/wp-json\/wp\/v2\/posts\/40505\/revisions"}],"predecessor-version":[{"id":40506,"href":"https:\/\/laurbedigital.com.ar\/noticias\/wp-json\/wp\/v2\/posts\/40505\/revisions\/40506"}],"wp:featuredmedia":[{"embeddable":true,"href":"https:\/\/laurbedigital.com.ar\/noticias\/wp-json\/wp\/v2\/media\/40499"}],"wp:attachment":[{"href":"https:\/\/laurbedigital.com.ar\/noticias\/wp-json\/wp\/v2\/media?parent=40505"}],"wp:term":[{"taxonomy":"category","embeddable":true,"href":"https:\/\/laurbedigital.com.ar\/noticias\/wp-json\/wp\/v2\/categories?post=40505"},{"taxonomy":"post_tag","embeddable":true,"href":"https:\/\/laurbedigital.com.ar\/noticias\/wp-json\/wp\/v2\/tags?post=40505"}],"curies":[{"name":"wp","href":"https:\/\/api.w.org\/{rel}","templated":true}]}}