{"id":40005,"date":"2020-11-09T09:38:51","date_gmt":"2020-11-09T12:38:51","guid":{"rendered":"https:\/\/laurbedigital.com.ar\/noticias\/?p=40005"},"modified":"2020-11-09T09:38:51","modified_gmt":"2020-11-09T12:38:51","slug":"segun-pfizer-su-vacuna-contra-el-covid-19-es-eficaz-en-un-90-en-un-primer-analisis-de-la-fase-3","status":"publish","type":"post","link":"https:\/\/laurbedigital.com.ar\/noticias\/2020\/11\/09\/segun-pfizer-su-vacuna-contra-el-covid-19-es-eficaz-en-un-90-en-un-primer-analisis-de-la-fase-3\/","title":{"rendered":"Seg\u00fan Pfizer, su vacuna contra el Covid-19 es \u00abeficaz en un 90%\u00bb en un primer an\u00e1lisis de la fase 3"},"content":{"rendered":"<div><\/div>\n<h5 id=\"div_cuerpo\" class=\"content cable-content\">La farmac\u00e9utica Pfizer afirm\u00f3 hoy que su vacuna contra el coronavirus es \u00abeficaz en un 90%\u00bb, seg\u00fan el primer an\u00e1lisis intermedio de su ensayo de fase 3, la \u00faltima etapa antes de pedir formalmente su homologaci\u00f3n.<\/h5>\n<div class=\"content cable-content\">Esta eficacia de protecci\u00f3n frente al virus SARS-CoV-2 se logr\u00f3 siete d\u00edas despu\u00e9s de la segunda dosis de vacuna y 28 d\u00edas despu\u00e9s de la primera, indic\u00f3 la farmac\u00e9utica estadounidense en un comunicado conjunto con la firma BioNTech, citado por la agencia AFP.<\/p>\n<p><em>\u00abLos primeros resultados de la fase 3 de nuestro ensayo de vacuna contra el Covid-19 proveen las pruebas iniciales de la capacidad de nuestra vacuna para prevenir\u00bb<\/em> esta enfermedad, dijo el presidente de Pfizer, Albert Bourla.<\/p>\n<p><em>\u00abHemos dado un paso importante y estamos m\u00e1s cerca de proveer a los ciudadanos del mundo\u00bb esta vacuna, tan \u00abnecesaria para contribuir a acabar con esta crisis sanitaria mundial\u00bb,<\/em> a\u00f1adi\u00f3.<\/p>\n<p>Bas\u00e1ndose en proyecciones, ambas empresas afirmaron que prev\u00e9n suministrar 50 millones de dosis en el mundo en 2020 y hasta 1.300 millones en 2021.<\/p><\/div>\n<div><\/div>\n<div>\n<\/div>\n","protected":false},"excerpt":{"rendered":"<p>La farmac\u00e9utica Pfizer afirm\u00f3 hoy que su vacuna contra el coronavirus es \u00abeficaz en un 90%\u00bb, seg\u00fan el primer an\u00e1lisis<\/p>\n","protected":false},"author":1,"featured_media":38144,"comment_status":"closed","ping_status":"closed","sticky":false,"template":"","format":"standard","meta":{"kia_subtitle":"","footnotes":"","jetpack_publicize_message":"","jetpack_publicize_feature_enabled":true,"jetpack_social_post_already_shared":true,"jetpack_social_options":{"image_generator_settings":{"template":"highway","default_image_id":0,"font":"","enabled":false},"version":2}},"categories":[15,70],"tags":[],"class_list":["post-40005","post","type-post","status-publish","format-standard","has-post-thumbnail","hentry","category-tendencias","category-salud"],"jetpack_publicize_connections":[],"jetpack_featured_media_url":"https:\/\/laurbedigital.com.ar\/noticias\/wp-content\/uploads\/2020\/10\/20201016-Pfizer-vacuna-coronavirus.jpg","_links":{"self":[{"href":"https:\/\/laurbedigital.com.ar\/noticias\/wp-json\/wp\/v2\/posts\/40005","targetHints":{"allow":["GET"]}}],"collection":[{"href":"https:\/\/laurbedigital.com.ar\/noticias\/wp-json\/wp\/v2\/posts"}],"about":[{"href":"https:\/\/laurbedigital.com.ar\/noticias\/wp-json\/wp\/v2\/types\/post"}],"author":[{"embeddable":true,"href":"https:\/\/laurbedigital.com.ar\/noticias\/wp-json\/wp\/v2\/users\/1"}],"replies":[{"embeddable":true,"href":"https:\/\/laurbedigital.com.ar\/noticias\/wp-json\/wp\/v2\/comments?post=40005"}],"version-history":[{"count":1,"href":"https:\/\/laurbedigital.com.ar\/noticias\/wp-json\/wp\/v2\/posts\/40005\/revisions"}],"predecessor-version":[{"id":40006,"href":"https:\/\/laurbedigital.com.ar\/noticias\/wp-json\/wp\/v2\/posts\/40005\/revisions\/40006"}],"wp:featuredmedia":[{"embeddable":true,"href":"https:\/\/laurbedigital.com.ar\/noticias\/wp-json\/wp\/v2\/media\/38144"}],"wp:attachment":[{"href":"https:\/\/laurbedigital.com.ar\/noticias\/wp-json\/wp\/v2\/media?parent=40005"}],"wp:term":[{"taxonomy":"category","embeddable":true,"href":"https:\/\/laurbedigital.com.ar\/noticias\/wp-json\/wp\/v2\/categories?post=40005"},{"taxonomy":"post_tag","embeddable":true,"href":"https:\/\/laurbedigital.com.ar\/noticias\/wp-json\/wp\/v2\/tags?post=40005"}],"curies":[{"name":"wp","href":"https:\/\/api.w.org\/{rel}","templated":true}]}}