{"id":3928,"date":"2016-06-13T11:51:44","date_gmt":"2016-06-13T14:51:44","guid":{"rendered":"http:\/\/laurbedigital.com.ar\/noticias\/?p=3928"},"modified":"2016-06-13T11:51:44","modified_gmt":"2016-06-13T14:51:44","slug":"francisco-condeno-la-indiferencia-por-las-personas-enfermas-y-discapacitadas","status":"publish","type":"post","link":"https:\/\/laurbedigital.com.ar\/noticias\/2016\/06\/13\/francisco-condeno-la-indiferencia-por-las-personas-enfermas-y-discapacitadas\/","title":{"rendered":"Francisco conden\u00f3 la indiferencia por las personas enfermas y discapacitadas"},"content":{"rendered":"<p>Ante miles de fieles de todo el mundo congregados en la Plaza San Pedro, el Sumo Pont\u00edfice cuestion\u00f3 el trabajo infantil, al que calific\u00f3 una moderna forma de esclavitud que se cobra miles de vida de manera permanente.<\/p>\n<p>Ante miles de fieles que se congregaron hoy en la Plaza San Pedro, en el marco del Jubileo de los Enfermos y Discapacitados, el Papa Francisco, enf\u00e1tico como siempre y sin rodeos, denunci\u00f3 que la cultura de nuestros d\u00edas \u201cconsidera que una persona enferma o discapacitada no puede ser feliz, porque es incapaz de realizar el estilo de vida impuesto por la cultura del placer y de la diversi\u00f3n\u201d.<\/p>\n<p>Seguido por fieles de numerosos pa\u00edses, entre quienes tuvieron prioridad enfermos y discapacitados, Francisco en su homil\u00eda expres\u00f3 que \u201cen esta \u00e9poca en la que el cuidado del cuerpo se ha convertido en un mito de masas y por tanto en un negocio, lo que es imperfecto debe ser ocultado, porque va en contra de la felicidad y de la tranquilidad de los privilegiados y pone en crisis el modelo imperante\u201d.<\/p>\n<p>El Papa, poniendo el acento all\u00ed donde le duele al ser humano indiferente ante el dolor del pr\u00f3jimo, dijo que \u201ces mejor tener a estas personas (enfermos y discapacitados), separadas en alg\u00fan \u00abrecinto\u00bb -tal vez dorado- o en las \u00abreservas\u00bb del pietismo y del asistencialismo, para que no obstaculicen el ritmo de un falso bienestar. En algunos casos -sigui\u00f3-, incluso, se considera que es mejor deshacerse cuanto antes, porque son una carga econ\u00f3mica insostenible en tiempos de crisis\u201d.<\/p>\n<p>Sin concesiones, el Papa a\u00f1adi\u00f3: \u201ccon qu\u00e9 falsedad vive el hombre de hoy al cerrar los ojos ante la enfermedad y la discapacidad. No comprende el verdadero sentido de la vida, que incluye tambi\u00e9n la aceptaci\u00f3n del sufrimiento y de la limitaci\u00f3n\u201d.<\/p>\n<p>El Papa tuvo palabras de reconocimiento para los m\u00e9dicos y personal de la salud que trabajan por los m\u00e1s desamparados, evocaci\u00f3n que fue recibida con un aplauso de la multitud.<\/p>\n<p>Al concluir la misa y antes del rezo del tradicional Angelus, Francisco record\u00f3 que se celebraba hoy la Jornada contra el Trabajo Infantil y denunci\u00f3 que se trata de una moderna forma de esclavitud. El Sumo Pont\u00edfice conden\u00f3 el hecho de que mueran en el mundo miles de ni\u00f1os en forma permanente como consecuencia del trabajo infantil.<\/p>\n<p>Al concluir el oficio religioso el Papa salud\u00f3 a enfermos y discapacitados y cuando todo hac\u00eda prever que se retirar\u00eda hacia el interior de la gran bas\u00edlica de San Pedro, descendi\u00f3 las escalinatas, subi\u00f3 al Papam\u00f3vil y recorri\u00f3 toda la inmensa e hist\u00f3rica plaza saludando a los fieles que estallaron en v\u00edtores y aplausos.<\/p>\n","protected":false},"excerpt":{"rendered":"<p>Ante miles de fieles de todo el mundo congregados en la Plaza San Pedro, el Sumo Pont\u00edfice cuestion\u00f3 el trabajo<\/p>\n","protected":false},"author":1,"featured_media":3929,"comment_status":"closed","ping_status":"closed","sticky":false,"template":"","format":"standard","meta":{"kia_subtitle":"","footnotes":"","jetpack_publicize_message":"","jetpack_publicize_feature_enabled":true,"jetpack_social_post_already_shared":true,"jetpack_social_options":{"image_generator_settings":{"template":"highway","default_image_id":0,"font":"","enabled":false},"version":2}},"categories":[7],"tags":[],"class_list":["post-3928","post","type-post","status-publish","format-standard","has-post-thumbnail","hentry","category-mundo"],"jetpack_publicize_connections":[],"jetpack_featured_media_url":"https:\/\/laurbedigital.com.ar\/noticias\/wp-content\/uploads\/2016\/06\/20160613-mundo.jpg","_links":{"self":[{"href":"https:\/\/laurbedigital.com.ar\/noticias\/wp-json\/wp\/v2\/posts\/3928","targetHints":{"allow":["GET"]}}],"collection":[{"href":"https:\/\/laurbedigital.com.ar\/noticias\/wp-json\/wp\/v2\/posts"}],"about":[{"href":"https:\/\/laurbedigital.com.ar\/noticias\/wp-json\/wp\/v2\/types\/post"}],"author":[{"embeddable":true,"href":"https:\/\/laurbedigital.com.ar\/noticias\/wp-json\/wp\/v2\/users\/1"}],"replies":[{"embeddable":true,"href":"https:\/\/laurbedigital.com.ar\/noticias\/wp-json\/wp\/v2\/comments?post=3928"}],"version-history":[{"count":1,"href":"https:\/\/laurbedigital.com.ar\/noticias\/wp-json\/wp\/v2\/posts\/3928\/revisions"}],"predecessor-version":[{"id":3930,"href":"https:\/\/laurbedigital.com.ar\/noticias\/wp-json\/wp\/v2\/posts\/3928\/revisions\/3930"}],"wp:featuredmedia":[{"embeddable":true,"href":"https:\/\/laurbedigital.com.ar\/noticias\/wp-json\/wp\/v2\/media\/3929"}],"wp:attachment":[{"href":"https:\/\/laurbedigital.com.ar\/noticias\/wp-json\/wp\/v2\/media?parent=3928"}],"wp:term":[{"taxonomy":"category","embeddable":true,"href":"https:\/\/laurbedigital.com.ar\/noticias\/wp-json\/wp\/v2\/categories?post=3928"},{"taxonomy":"post_tag","embeddable":true,"href":"https:\/\/laurbedigital.com.ar\/noticias\/wp-json\/wp\/v2\/tags?post=3928"}],"curies":[{"name":"wp","href":"https:\/\/api.w.org\/{rel}","templated":true}]}}