{"id":39009,"date":"2020-10-26T20:02:30","date_gmt":"2020-10-26T23:02:30","guid":{"rendered":"https:\/\/laurbedigital.com.ar\/noticias\/?p=39009"},"modified":"2020-10-26T20:02:30","modified_gmt":"2020-10-26T23:02:30","slug":"maria-teresa-garcia-trabajamos-para-ordenar-el-uso-del-suelo-bonaerense","status":"publish","type":"post","link":"https:\/\/laurbedigital.com.ar\/noticias\/2020\/10\/26\/maria-teresa-garcia-trabajamos-para-ordenar-el-uso-del-suelo-bonaerense\/","title":{"rendered":"Mar\u00eda Teresa Garc\u00eda: \u201cTrabajamos para ordenar el uso del suelo bonaerense\u201d"},"content":{"rendered":"<p>&nbsp;<\/p>\n<h5>\u201cTengo indicaci\u00f3n del Gobernador para poner en norma barrios privados, clubes de campo y de chacra\u201d<\/h5>\n<p>La ministra de Gobierno de la Provincia de Buenos Aires, Mar\u00eda Teresa Garc\u00eda explic\u00f3 que <strong><em>\u201cestamos trabajando desde diciembre para poner en orden el uso de la tierra en la Provincia\u201d. En ese marco advirti\u00f3 sobre la intencionalidad pol\u00edtica de \u201cinstalar la idea del riesgo que corre la propiedad privada en la Provincia como parte de una campa\u00f1a pol\u00edtica perversa\u201d.<\/em><\/strong><\/p>\n<p>La titular de la cartera de Gobierno sostuvo que <strong><em>\u201cdesde diciembre tengo la indicaci\u00f3n del Gobernador Kicillof para que la Direcci\u00f3n de Ordenamiento Urbano que regula el uso del suelo en la Provincia trabaje para poner en norma los barrios privados, clubes de campo, clubes de chacra y tambi\u00e9n a aquellas viejas extensiones de venta de lotes que dej\u00f3 a la gente en una situaci\u00f3n precaria, porque a\u00fan no han podido escriturar\u201d.<\/em><\/strong><\/p>\n<p><strong><em>\u201cHay barrios que tienen m\u00e1s de 10 a\u00f1os y los propietarios quedaron en una situaci\u00f3n muy compleja porque no tienen escritura\u201d,<\/em><\/strong> explic\u00f3 Garc\u00eda y agreg\u00f3: <strong><em>\u201cDesde enero estamos trabajando para poner en norma, regularizar la situaci\u00f3n respecto del uso de suelo y agilizar el tr\u00e1mite, ese es uno de los objetivos de la Unidad de Coordinaci\u00f3n de Tierra y Vivienda que ha creado el Gobernador Kicillof\u201d.<\/em><\/strong><\/p>\n<p><strong><em>\u201cEn la provincia de Buenos Aires hay 1.200 barrios aproximadamente seg\u00fan relevamientos satelitales y certificaciones; son 1200 urbanizaciones cerradas, de las cuales 350 est\u00e1n convalidadas porque los propietarios ya tienen escrituras; luego hay 97 urbanizaciones que a partir de la convocatoria que hicimos, se presentaron para poder regularizar y tenemos 600 fuera de norma a quienes estamos convocando\u201d, precis\u00f3. En ese orden, Garc\u00eda remarc\u00f3 que \u201cesta situaci\u00f3n adem\u00e1s de afectar a los propietarios afecta al fisco provincial porque implica una p\u00e9rdida de al menos 1.500 millones\u201d.<\/em><\/strong><\/p>\n<p>Garc\u00eda se\u00f1al\u00f3 que<strong><em> \u201cla provincia de Buenos Aires tiene otro problema y es que desde hace much\u00edsimos a\u00f1os hay personas que sin pagar el canon, han hecho uso y abuso de la tierra fiscal que es de todos los bonaerenses\u201d. \u201cUna expresi\u00f3n de esto es el Delta donde tenemos m\u00e1s de 40 mil hect\u00e1reas en emprendimientos productivos y forestales, en uso de la tierra fiscal y donde hace m\u00e1s de 20 a\u00f1os que no se paga el canon de uso\u201d,<\/em><\/strong> detall\u00f3.<\/p>\n<p>Al respecto la Ministra de Gobierno ejemplific\u00f3: <strong><em>\u201cUna persona que hoy tiene un peque\u00f1o comercio tiene que pagar todos los impuestos municipales y provinciales. Es injusto que quienes explotan gran cantidad de hect\u00e1reas, aunque sea a trav\u00e9s de emprendimientos productivos, no le paguen el canon a la Provincia\u201d.<\/em><\/strong><\/p>\n<p>Garc\u00eda remarc\u00f3 que en esas situaciones <strong><em>\u201cla culpa no es de quienes compraron de buena fe, es de la burocracia del Estado que no le hab\u00eda encontrado la vuelta\u201d.<\/em><\/strong>\u00a0 En ese orden aclar\u00f3 que<strong><em> \u201ca partir de creaci\u00f3n de la Unidad de Coordinaci\u00f3n logramos agilizar todos los procedimientos para que estas situaciones puedan ponerse en norma; cuando el barrio est\u00e9 en norma, inmediatamente sus propietarios tengan derecho a la escritura y paguen los impuestos que corresponden\u201d.<\/em><\/strong><\/p>\n<p>En ese contexto, Garc\u00eda advirti\u00f3 que <strong><em>\u201chay una intencionalidad hace ya un tiempo por parte de algunos sectores pol\u00edticos, del Pro m\u00e1s duro, de instalar la idea del riesgo que corre la propiedad privada en nuestro pa\u00eds pero que de ninguna manera se ajusta a las acciones que est\u00e1 llevando a cabo la Provincia para ordenar y regularizar el uso del suelo\u201d.<\/em><\/strong><\/p>\n<p>&nbsp;<\/p>\n<p>&nbsp;<\/p>\n","protected":false},"excerpt":{"rendered":"<p>&nbsp; \u201cTengo indicaci\u00f3n del Gobernador para poner en norma barrios privados, clubes de campo y de chacra\u201d La ministra de<\/p>\n","protected":false},"author":1,"featured_media":39010,"comment_status":"closed","ping_status":"closed","sticky":false,"template":"","format":"standard","meta":{"kia_subtitle":"","footnotes":"","jetpack_publicize_message":"","jetpack_publicize_feature_enabled":true,"jetpack_social_post_already_shared":true,"jetpack_social_options":{"image_generator_settings":{"template":"highway","default_image_id":0,"font":"","enabled":false},"version":2}},"categories":[3,56],"tags":[],"class_list":["post-39009","post","type-post","status-publish","format-standard","has-post-thumbnail","hentry","category-actualidad","category-buenos-aires"],"jetpack_publicize_connections":[],"jetpack_featured_media_url":"https:\/\/laurbedigital.com.ar\/noticias\/wp-content\/uploads\/2020\/10\/20201026-MARIA-TERESA-GARCIA.jpg","_links":{"self":[{"href":"https:\/\/laurbedigital.com.ar\/noticias\/wp-json\/wp\/v2\/posts\/39009","targetHints":{"allow":["GET"]}}],"collection":[{"href":"https:\/\/laurbedigital.com.ar\/noticias\/wp-json\/wp\/v2\/posts"}],"about":[{"href":"https:\/\/laurbedigital.com.ar\/noticias\/wp-json\/wp\/v2\/types\/post"}],"author":[{"embeddable":true,"href":"https:\/\/laurbedigital.com.ar\/noticias\/wp-json\/wp\/v2\/users\/1"}],"replies":[{"embeddable":true,"href":"https:\/\/laurbedigital.com.ar\/noticias\/wp-json\/wp\/v2\/comments?post=39009"}],"version-history":[{"count":1,"href":"https:\/\/laurbedigital.com.ar\/noticias\/wp-json\/wp\/v2\/posts\/39009\/revisions"}],"predecessor-version":[{"id":39011,"href":"https:\/\/laurbedigital.com.ar\/noticias\/wp-json\/wp\/v2\/posts\/39009\/revisions\/39011"}],"wp:featuredmedia":[{"embeddable":true,"href":"https:\/\/laurbedigital.com.ar\/noticias\/wp-json\/wp\/v2\/media\/39010"}],"wp:attachment":[{"href":"https:\/\/laurbedigital.com.ar\/noticias\/wp-json\/wp\/v2\/media?parent=39009"}],"wp:term":[{"taxonomy":"category","embeddable":true,"href":"https:\/\/laurbedigital.com.ar\/noticias\/wp-json\/wp\/v2\/categories?post=39009"},{"taxonomy":"post_tag","embeddable":true,"href":"https:\/\/laurbedigital.com.ar\/noticias\/wp-json\/wp\/v2\/tags?post=39009"}],"curies":[{"name":"wp","href":"https:\/\/api.w.org\/{rel}","templated":true}]}}