{"id":38275,"date":"2020-10-17T20:43:17","date_gmt":"2020-10-17T23:43:17","guid":{"rendered":"https:\/\/laurbedigital.com.ar\/noticias\/?p=38275"},"modified":"2020-10-17T20:53:11","modified_gmt":"2020-10-17T23:53:11","slug":"38275","status":"publish","type":"post","link":"https:\/\/laurbedigital.com.ar\/noticias\/2020\/10\/17\/38275\/","title":{"rendered":"D\u00eda de la Lealtad: Una caravana de m\u00e1s de 1200 veh\u00edculos march\u00f3 en Brown"},"content":{"rendered":"<p>&nbsp;<\/p>\n<h5>Una caravana de m\u00e1s de 1200 veh\u00edculos march\u00f3 esta tarde por las calles de Almirante Brown celebrando el D\u00eda de la Lealtad y en apoyo el Gobierno de Alberto Fern\u00e1ndez. All\u00ed se multiplicaron las medidas de prevenci\u00f3n del Covid.<\/h5>\n<p><img loading=\"lazy\" decoding=\"async\" class=\"alignnone size-full wp-image-38277\" src=\"https:\/\/laurbedigital.com.ar\/noticias\/wp-content\/uploads\/2020\/10\/2.jpeg\" alt=\"\" width=\"1280\" height=\"720\" title=\"\" srcset=\"https:\/\/laurbedigital.com.ar\/noticias\/wp-content\/uploads\/2020\/10\/2.jpeg 1280w, https:\/\/laurbedigital.com.ar\/noticias\/wp-content\/uploads\/2020\/10\/2-300x169.jpeg 300w, https:\/\/laurbedigital.com.ar\/noticias\/wp-content\/uploads\/2020\/10\/2-1024x576.jpeg 1024w, https:\/\/laurbedigital.com.ar\/noticias\/wp-content\/uploads\/2020\/10\/2-768x432.jpeg 768w\" sizes=\"auto, (max-width: 1280px) 100vw, 1280px\" \/><\/p>\n<p><span style=\"font-weight: 400;\">En el marco de una jornada que comenz\u00f3 nublada y con algunas lluvias termin\u00f3 soleada y con calor, una multitud de militantes y vecinos se manifest\u00f3 por el D\u00eda de la Lealtad Peronista. Signific\u00f3, en lo material, de un apoyo importante hacia las pol\u00edticas que encarna hoy el peronismo.<\/span><\/p>\n<div id=\"texto\">\n<p><img loading=\"lazy\" decoding=\"async\" class=\"alignnone size-full wp-image-38278\" src=\"https:\/\/laurbedigital.com.ar\/noticias\/wp-content\/uploads\/2020\/10\/3.jpeg\" alt=\"\" width=\"1280\" height=\"720\" title=\"\" srcset=\"https:\/\/laurbedigital.com.ar\/noticias\/wp-content\/uploads\/2020\/10\/3.jpeg 1280w, https:\/\/laurbedigital.com.ar\/noticias\/wp-content\/uploads\/2020\/10\/3-300x169.jpeg 300w, https:\/\/laurbedigital.com.ar\/noticias\/wp-content\/uploads\/2020\/10\/3-1024x576.jpeg 1024w, https:\/\/laurbedigital.com.ar\/noticias\/wp-content\/uploads\/2020\/10\/3-768x432.jpeg 768w\" sizes=\"auto, (max-width: 1280px) 100vw, 1280px\" \/><\/p>\n<\/div>\n<p>&nbsp;<\/p>\n<div id=\"texto\">\n<p>&nbsp;<\/p>\n<\/div>\n","protected":false},"excerpt":{"rendered":"<p>&nbsp; Una caravana de m\u00e1s de 1200 veh\u00edculos march\u00f3 esta tarde por las calles de Almirante Brown celebrando el D\u00eda<\/p>\n","protected":false},"author":1,"featured_media":38276,"comment_status":"closed","ping_status":"closed","sticky":false,"template":"","format":"standard","meta":{"kia_subtitle":"","footnotes":"","jetpack_publicize_message":"","jetpack_publicize_feature_enabled":true,"jetpack_social_post_already_shared":true,"jetpack_social_options":{"image_generator_settings":{"template":"highway","default_image_id":0,"font":"","enabled":false},"version":2}},"categories":[2,33],"tags":[],"class_list":["post-38275","post","type-post","status-publish","format-standard","has-post-thumbnail","hentry","category-alte-brown","category-alte-brown-alte-brown"],"jetpack_publicize_connections":[],"jetpack_featured_media_url":"https:\/\/laurbedigital.com.ar\/noticias\/wp-content\/uploads\/2020\/10\/1.jpeg","_links":{"self":[{"href":"https:\/\/laurbedigital.com.ar\/noticias\/wp-json\/wp\/v2\/posts\/38275","targetHints":{"allow":["GET"]}}],"collection":[{"href":"https:\/\/laurbedigital.com.ar\/noticias\/wp-json\/wp\/v2\/posts"}],"about":[{"href":"https:\/\/laurbedigital.com.ar\/noticias\/wp-json\/wp\/v2\/types\/post"}],"author":[{"embeddable":true,"href":"https:\/\/laurbedigital.com.ar\/noticias\/wp-json\/wp\/v2\/users\/1"}],"replies":[{"embeddable":true,"href":"https:\/\/laurbedigital.com.ar\/noticias\/wp-json\/wp\/v2\/comments?post=38275"}],"version-history":[{"count":3,"href":"https:\/\/laurbedigital.com.ar\/noticias\/wp-json\/wp\/v2\/posts\/38275\/revisions"}],"predecessor-version":[{"id":38281,"href":"https:\/\/laurbedigital.com.ar\/noticias\/wp-json\/wp\/v2\/posts\/38275\/revisions\/38281"}],"wp:featuredmedia":[{"embeddable":true,"href":"https:\/\/laurbedigital.com.ar\/noticias\/wp-json\/wp\/v2\/media\/38276"}],"wp:attachment":[{"href":"https:\/\/laurbedigital.com.ar\/noticias\/wp-json\/wp\/v2\/media?parent=38275"}],"wp:term":[{"taxonomy":"category","embeddable":true,"href":"https:\/\/laurbedigital.com.ar\/noticias\/wp-json\/wp\/v2\/categories?post=38275"},{"taxonomy":"post_tag","embeddable":true,"href":"https:\/\/laurbedigital.com.ar\/noticias\/wp-json\/wp\/v2\/tags?post=38275"}],"curies":[{"name":"wp","href":"https:\/\/api.w.org\/{rel}","templated":true}]}}