{"id":38253,"date":"2020-10-17T18:11:33","date_gmt":"2020-10-17T21:11:33","guid":{"rendered":"https:\/\/laurbedigital.com.ar\/noticias\/?p=38253"},"modified":"2020-10-17T18:11:33","modified_gmt":"2020-10-17T21:11:33","slug":"manolo-caro-la-historia-hay-que-revisitarla-para-no-repetirla","status":"publish","type":"post","link":"https:\/\/laurbedigital.com.ar\/noticias\/2020\/10\/17\/manolo-caro-la-historia-hay-que-revisitarla-para-no-repetirla\/","title":{"rendered":"Manolo Caro: \u00abLa historia hay que revisitarla para no repetirla\u00bb"},"content":{"rendered":"<p>&nbsp;<\/p>\n<h5>El cineasta mexicano Manolo Caro, reconocido por la hilarante serie \u201cLa casa de las flores\u201d, se prueba en el drama con la miniserie \u201cAlguien tiene que morir\u201d, que retrata la violenta y represiva sociedad conservadora espa\u00f1ola durante el franquismo de los 50 con la que propone revisitar la historia \u201cpara no repetirla\u201d.<\/h5>\n<p>Ya disponible en la plataforma de Netflix y compuesta por tres episodios, la miniserie cuenta con un elenco de lujo encabezado por Carmen Maura, Ernesto Alterio y la m\u00e1s frecuente colaboradora del director, la tambi\u00e9n mexicana Cecilia Su\u00e1rez.<\/p>\n<p>Ambientada en 1954, la trama inicia cuando Gregorio (Alterio) y Mina (Su\u00e1rez) le piden a su hijo Gabino (Alejandro Speitzer) que regrese de M\u00e9xico, donde vive desde hace una d\u00e9cada.<\/p>\n<p>Gregorio y su madre, la manipuladora Amparo (Maura), tienen todo dise\u00f1ado para \u00e9l: un matrimonio arreglado que los beneficiar\u00e1 pol\u00edtica y econ\u00f3micamente, un trabajo en una f\u00e1brica y un lugar en la alta sociedad madrile\u00f1a.<\/p>\n<p>Sin embargo, Gabino tiene otros planes, y todos se llevan una sorpresa cuando regresa acompa\u00f1ado por L\u00e1zaro, un misterioso bailar\u00edn de ballet &#8211; encarnado por Isaac Hern\u00e1ndez, primer bailar\u00edn del English National Ballet, en su primera incursi\u00f3n en la peque\u00f1a pantalla-.<\/p>\n<p>El prejuicio contra el extranjero y los rumores de que \u00e9l y Gabino podr\u00edan ser mucho m\u00e1s que solo amigos inicia un torbellino en el c\u00edrculo de alta alcurnia en el que se mueve la familia, especialmente en la prometida del chico y su hermano (con dos j\u00f3venes int\u00e9rpretes muy populares por su pasado en taquilleras series juveniles Ester Exp\u00f3sito -\u201c\u00c9lite\u201d- y Carlos Cuevas -\u201cMerl\u00ed\u201d-).<\/p>\n<p>Los rumores llegar\u00e1n incluso a o\u00eddos del poder, en una \u00e9poca en la que la condici\u00f3n sexual o ideol\u00f3gica de una persona eran motivos suficientes para la tortura, el encarcelamiento y la muerte.<\/p>\n<p>Secretos sepultados en el pasado, extorsiones en nombre de \u201clas buenas costumbres\u201d, violencia machista y el doble est\u00e1ndar en t\u00e9rminos de moral son algunos de los elementos que llevar\u00e1n a los personajes hacia un fin indefectiblemente tr\u00e1gico.<\/p>\n<p><iframe loading=\"lazy\" src=\"https:\/\/www.youtube.com\/embed\/kbZynsTzu9Y\" width=\"680\" height=\"383\" frameborder=\"0\" allowfullscreen=\"allowfullscreen\"><\/iframe><\/p>\n<p>&nbsp;<\/p>\n<p>&nbsp;<\/p>\n<p>&nbsp;<\/p>\n","protected":false},"excerpt":{"rendered":"<p>&nbsp; El cineasta mexicano Manolo Caro, reconocido por la hilarante serie \u201cLa casa de las flores\u201d, se prueba en el<\/p>\n","protected":false},"author":1,"featured_media":38254,"comment_status":"closed","ping_status":"closed","sticky":false,"template":"","format":"standard","meta":{"kia_subtitle":"","footnotes":"","jetpack_publicize_message":"","jetpack_publicize_feature_enabled":true,"jetpack_social_post_already_shared":true,"jetpack_social_options":{"image_generator_settings":{"template":"highway","default_image_id":0,"font":"","enabled":false},"version":2}},"categories":[68],"tags":[],"class_list":["post-38253","post","type-post","status-publish","format-standard","has-post-thumbnail","hentry","category-cine-y-series"],"jetpack_publicize_connections":[],"jetpack_featured_media_url":"https:\/\/laurbedigital.com.ar\/noticias\/wp-content\/uploads\/2020\/10\/20201017-Manolo-Caro.jpg","_links":{"self":[{"href":"https:\/\/laurbedigital.com.ar\/noticias\/wp-json\/wp\/v2\/posts\/38253","targetHints":{"allow":["GET"]}}],"collection":[{"href":"https:\/\/laurbedigital.com.ar\/noticias\/wp-json\/wp\/v2\/posts"}],"about":[{"href":"https:\/\/laurbedigital.com.ar\/noticias\/wp-json\/wp\/v2\/types\/post"}],"author":[{"embeddable":true,"href":"https:\/\/laurbedigital.com.ar\/noticias\/wp-json\/wp\/v2\/users\/1"}],"replies":[{"embeddable":true,"href":"https:\/\/laurbedigital.com.ar\/noticias\/wp-json\/wp\/v2\/comments?post=38253"}],"version-history":[{"count":1,"href":"https:\/\/laurbedigital.com.ar\/noticias\/wp-json\/wp\/v2\/posts\/38253\/revisions"}],"predecessor-version":[{"id":38255,"href":"https:\/\/laurbedigital.com.ar\/noticias\/wp-json\/wp\/v2\/posts\/38253\/revisions\/38255"}],"wp:featuredmedia":[{"embeddable":true,"href":"https:\/\/laurbedigital.com.ar\/noticias\/wp-json\/wp\/v2\/media\/38254"}],"wp:attachment":[{"href":"https:\/\/laurbedigital.com.ar\/noticias\/wp-json\/wp\/v2\/media?parent=38253"}],"wp:term":[{"taxonomy":"category","embeddable":true,"href":"https:\/\/laurbedigital.com.ar\/noticias\/wp-json\/wp\/v2\/categories?post=38253"},{"taxonomy":"post_tag","embeddable":true,"href":"https:\/\/laurbedigital.com.ar\/noticias\/wp-json\/wp\/v2\/tags?post=38253"}],"curies":[{"name":"wp","href":"https:\/\/api.w.org\/{rel}","templated":true}]}}