{"id":38048,"date":"2020-10-15T14:02:14","date_gmt":"2020-10-15T17:02:14","guid":{"rendered":"https:\/\/laurbedigital.com.ar\/noticias\/?p=38048"},"modified":"2020-10-15T14:02:14","modified_gmt":"2020-10-15T17:02:14","slug":"cascallares-junto-a-los-excombatientes-de-malvinas-brownianos","status":"publish","type":"post","link":"https:\/\/laurbedigital.com.ar\/noticias\/2020\/10\/15\/cascallares-junto-a-los-excombatientes-de-malvinas-brownianos\/","title":{"rendered":"Cascallares junto a los excombatientes de Malvinas brownianos"},"content":{"rendered":"<p>&nbsp;<\/p>\n<h5><span style=\"font-weight: 400;\">El intendente de Almirante Brown, Mariano Cascallares, recorri\u00f3 el Museo \u201cMalvinas, Soberan\u00eda y Memoria\u201d, ubicado en la localidad de Adrogu\u00e9, un espacio din\u00e1mico y pedag\u00f3gico que pr\u00f3ximamente estar\u00e1 a disposici\u00f3n de los vecinos y las vecinas de nuestro distrito.<\/span><\/h5>\n<p><span style=\"font-weight: 400;\">La emotiva jornada se realiz\u00f3 esta ma\u00f1ana en el museo ubicado en Obispo J. E. Colombres 1710, donde el jefe comunal visit\u00f3 el lugar, dialog\u00f3 con ex combatientes y entreg\u00f3 banderas de ceremonia.<\/p>\n<p><\/span><span style=\"font-weight: 400;\">El flamante museo, que producto de la pandemia todav\u00eda no abri\u00f3 sus puertas a la comunidad, empez\u00f3 a ser construido hace un a\u00f1o en conjunto entre el Municipio de Almirante Brown, el Centro de Excombatientes Puerto Argentino y la Universidad Nacional de Lan\u00fas (UNLA). De la actividad de hoy tambi\u00e9n particip\u00f3 el muse\u00f3logo Daniel L\u00f3pez de la UNLA.<\/p>\n<p><img loading=\"lazy\" decoding=\"async\" class=\"alignnone size-full wp-image-38051\" src=\"https:\/\/laurbedigital.com.ar\/noticias\/wp-content\/uploads\/2020\/10\/20201015-brown-cascallares2.jpg\" alt=\"\" width=\"800\" height=\"446\" title=\"\" srcset=\"https:\/\/laurbedigital.com.ar\/noticias\/wp-content\/uploads\/2020\/10\/20201015-brown-cascallares2.jpg 800w, https:\/\/laurbedigital.com.ar\/noticias\/wp-content\/uploads\/2020\/10\/20201015-brown-cascallares2-300x167.jpg 300w, https:\/\/laurbedigital.com.ar\/noticias\/wp-content\/uploads\/2020\/10\/20201015-brown-cascallares2-768x428.jpg 768w\" sizes=\"auto, (max-width: 800px) 100vw, 800px\" \/><\/p>\n<p><\/span><span style=\"font-weight: 400;\">Este espacio pedag\u00f3gico y din\u00e1mico concibe a los ex combatientes como el patrimonio m\u00e1s importante, por lo que todo su contenido est\u00e1 planteado para generar inter\u00e9s y curiosidad sobre lo acontecido con las Islas Malvinas, a partir del trabajo de investigaci\u00f3n realizado por el \u00abObservatorio Malvinas\u00bb de la UNLA.<\/p>\n<p><\/span><span style=\"font-weight: 400;\">Por ese motivo, todo el museo est\u00e1 organizado con una l\u00ednea de tiempo que comienza en 1493, cuando Cristobal Col\u00f3n lleg\u00f3 a las Islas, siendo el primer registro historiogr\u00e1fico del lugar. A partir de ah\u00ed, se cuentan detalles geopol\u00edticos e hist\u00f3ricos sobre la soberan\u00eda de las Islas, de la Guerra de Malvinas, en 1982, y en paralelo sobre los eventos ocurridos en Almirante Brown en pleno conflicto b\u00e9lico.<\/p>\n<p><\/span><span style=\"font-weight: 400;\">Adem\u00e1s, durante la recorrida, los visitantes podr\u00e1n encontrar una r\u00e9plica de las cruces que se encuentran en el Cementerio de Darwin de los cinco h\u00e9roes brownianos fallecidos durante la Guerra, archivos fotogr\u00e1ficos, una reserva t\u00e9cnica con patrimonio tangible de los ex combatientes, espacios de investigaci\u00f3n, ciclos de charlas y conferencias y tambi\u00e9n un objeto donado por cada veterano, los cuales son disparadores de recuerdos y an\u00e9cdotas personales.<\/p>\n<p><img loading=\"lazy\" decoding=\"async\" class=\"alignnone size-full wp-image-38050\" src=\"https:\/\/laurbedigital.com.ar\/noticias\/wp-content\/uploads\/2020\/10\/20201015-brown-cascallares1.jpg\" alt=\"\" width=\"800\" height=\"446\" title=\"\" srcset=\"https:\/\/laurbedigital.com.ar\/noticias\/wp-content\/uploads\/2020\/10\/20201015-brown-cascallares1.jpg 800w, https:\/\/laurbedigital.com.ar\/noticias\/wp-content\/uploads\/2020\/10\/20201015-brown-cascallares1-300x167.jpg 300w, https:\/\/laurbedigital.com.ar\/noticias\/wp-content\/uploads\/2020\/10\/20201015-brown-cascallares1-768x428.jpg 768w\" sizes=\"auto, (max-width: 800px) 100vw, 800px\" \/><\/p>\n<p><\/span><span style=\"font-weight: 400;\">Daniel L\u00f3pez destac\u00f3 la visita del intendente Cascallares y agradeci\u00f3 el compromiso del Municipio en la gestaci\u00f3n de este proyecto. <em>\u201cFue una visita muy importante para nosotros y pasamos un momento realmente muy emotivo\u201d.<\/em><\/p>\n<p><\/span><span style=\"font-weight: 400;\">De la jornada tambi\u00e9n participaron el presidente del Concejo Deliberante de Almirante Brown, Nicol\u00e1s Jawtuschenko (quien hizo entrega de la ordenanza que declara al Museo de Inter\u00e9s Municipal, Educativo y Cultural); la secretaria de Desarrollo, Previsi\u00f3n Social y Derechos Humanos, B\u00e1rbara Mi\u00f1\u00e1n; el subsecretario de Desarrollo y Derechos Humanos, Adri\u00e1n Arano, y la directora de Derechos Humanos, D\u00e9bora Casado, entre otros.<\/span><\/p>\n<p>&nbsp;<\/p>\n","protected":false},"excerpt":{"rendered":"<p>&nbsp; El intendente de Almirante Brown, Mariano Cascallares, recorri\u00f3 el Museo \u201cMalvinas, Soberan\u00eda y Memoria\u201d, ubicado en la localidad de<\/p>\n","protected":false},"author":1,"featured_media":38049,"comment_status":"closed","ping_status":"closed","sticky":false,"template":"","format":"standard","meta":{"kia_subtitle":"","footnotes":"","jetpack_publicize_message":"","jetpack_publicize_feature_enabled":true,"jetpack_social_post_already_shared":false,"jetpack_social_options":{"image_generator_settings":{"template":"highway","default_image_id":0,"font":"","enabled":false},"version":2}},"categories":[2,33],"tags":[],"class_list":["post-38048","post","type-post","status-publish","format-standard","has-post-thumbnail","hentry","category-alte-brown","category-alte-brown-alte-brown"],"jetpack_publicize_connections":[],"jetpack_featured_media_url":"https:\/\/laurbedigital.com.ar\/noticias\/wp-content\/uploads\/2020\/10\/20201015-brown-cascallares.jpg","_links":{"self":[{"href":"https:\/\/laurbedigital.com.ar\/noticias\/wp-json\/wp\/v2\/posts\/38048","targetHints":{"allow":["GET"]}}],"collection":[{"href":"https:\/\/laurbedigital.com.ar\/noticias\/wp-json\/wp\/v2\/posts"}],"about":[{"href":"https:\/\/laurbedigital.com.ar\/noticias\/wp-json\/wp\/v2\/types\/post"}],"author":[{"embeddable":true,"href":"https:\/\/laurbedigital.com.ar\/noticias\/wp-json\/wp\/v2\/users\/1"}],"replies":[{"embeddable":true,"href":"https:\/\/laurbedigital.com.ar\/noticias\/wp-json\/wp\/v2\/comments?post=38048"}],"version-history":[{"count":1,"href":"https:\/\/laurbedigital.com.ar\/noticias\/wp-json\/wp\/v2\/posts\/38048\/revisions"}],"predecessor-version":[{"id":38052,"href":"https:\/\/laurbedigital.com.ar\/noticias\/wp-json\/wp\/v2\/posts\/38048\/revisions\/38052"}],"wp:featuredmedia":[{"embeddable":true,"href":"https:\/\/laurbedigital.com.ar\/noticias\/wp-json\/wp\/v2\/media\/38049"}],"wp:attachment":[{"href":"https:\/\/laurbedigital.com.ar\/noticias\/wp-json\/wp\/v2\/media?parent=38048"}],"wp:term":[{"taxonomy":"category","embeddable":true,"href":"https:\/\/laurbedigital.com.ar\/noticias\/wp-json\/wp\/v2\/categories?post=38048"},{"taxonomy":"post_tag","embeddable":true,"href":"https:\/\/laurbedigital.com.ar\/noticias\/wp-json\/wp\/v2\/tags?post=38048"}],"curies":[{"name":"wp","href":"https:\/\/api.w.org\/{rel}","templated":true}]}}