{"id":38034,"date":"2020-10-14T22:11:02","date_gmt":"2020-10-15T01:11:02","guid":{"rendered":"https:\/\/laurbedigital.com.ar\/noticias\/?p=38034"},"modified":"2020-10-14T22:11:02","modified_gmt":"2020-10-15T01:11:02","slug":"tapia-el-futbol-argentino-volvera-el-30-de-octubre","status":"publish","type":"post","link":"https:\/\/laurbedigital.com.ar\/noticias\/2020\/10\/14\/tapia-el-futbol-argentino-volvera-el-30-de-octubre\/","title":{"rendered":"Tapia: \u00abEl f\u00fatbol argentino volver\u00e1 el 30 de octubre\u00bb"},"content":{"rendered":"<p>&nbsp;<\/p>\n<h5>El presidente de la Asociaci\u00f3n del F\u00fatbol Argentino hizo el anuncio tras la reuni\u00f3n llevada a cabo en Casa Rosada de la que formaron parte el Jefe de Gabinete, el Ministro de Salud, el titular de Turismo y Deportes y miembros de la Liga Profesional, donde confirm\u00f3 la fecha del sorteo.<\/h5>\n<p>Claudio \u201cChiqui\u201d Tapia confirm\u00f3 que el pr\u00f3ximo el regreso del f\u00fatbol para el 30 de octubre, luego de la reuni\u00f3n de la que participaron adem\u00e1s el secretario General AFA y presidente Racing, V\u00edctor Blanco, el presidente de la Liga Profesional y de San Lorenzo, Marcelo Tinelli, el presidente V\u00e9lez Sarsfield, Sergio Rapisarda y presidente Lan\u00fas, Nicol\u00e1s Russo.<\/p>\n<p><em>\u201cEl 30 vuelve el f\u00fatbol; el viernes a las 14 el sorteo\u201d,<\/em> confirm\u00f3 el titular de AFA en di\u00e1logo con TNT Sports.<\/p>\n<blockquote class=\"twitter-tweet\">\n<p dir=\"ltr\" lang=\"es\">\u00a1Vuelve el f\u00fatbol argentino! Las autoridades de la <a href=\"https:\/\/twitter.com\/afa?ref_src=twsrc%5Etfw\" target=\"_blank\" rel=\"noopener\">@afa<\/a> y de la <a href=\"https:\/\/twitter.com\/hashtag\/LigaProfesional?src=hash&amp;ref_src=twsrc%5Etfw\" target=\"_blank\" rel=\"noopener\">#LigaProfesional<\/a> se reunieron con el Gobierno Nacional, que autoriz\u00f3 el retorno de la actividad en el pa\u00eds: \u00a1el 30\/10 comenzar\u00e1 la <a href=\"https:\/\/twitter.com\/hashtag\/CopaLigaProfesional?src=hash&amp;ref_src=twsrc%5Etfw\" target=\"_blank\" rel=\"noopener\">#CopaLigaProfesional<\/a>! M\u00e1s info &#x1f449; <a href=\"https:\/\/t.co\/CBGtR0sUby\">https:\/\/t.co\/CBGtR0sUby<\/a> <a href=\"https:\/\/t.co\/OI3h2VaTYO\">pic.twitter.com\/OI3h2VaTYO<\/a><\/p>\n<p>\u2014 Liga Profesional de F\u00fatbol | En casa &#x1f3e0; (@LigaAFA) <a href=\"https:\/\/twitter.com\/LigaAFA\/status\/1316528296801206272?ref_src=twsrc%5Etfw\" target=\"_blank\" rel=\"noopener\">October 14, 2020<\/a><\/p><\/blockquote>\n<p><script async src=\"https:\/\/platform.twitter.com\/widgets.js\" charset=\"utf-8\"><\/script><\/p>\n<p>&nbsp;<\/p>\n<p>&nbsp;<\/p>\n","protected":false},"excerpt":{"rendered":"<p>&nbsp; El presidente de la Asociaci\u00f3n del F\u00fatbol Argentino hizo el anuncio tras la reuni\u00f3n llevada a cabo en Casa<\/p>\n","protected":false},"author":1,"featured_media":38035,"comment_status":"closed","ping_status":"closed","sticky":false,"template":"","format":"standard","meta":{"kia_subtitle":"","footnotes":"","jetpack_publicize_message":"","jetpack_publicize_feature_enabled":true,"jetpack_social_post_already_shared":true,"jetpack_social_options":{"image_generator_settings":{"template":"highway","default_image_id":0,"font":"","enabled":false},"version":2}},"categories":[3,28],"tags":[],"class_list":["post-38034","post","type-post","status-publish","format-standard","has-post-thumbnail","hentry","category-actualidad","category-futbol"],"jetpack_publicize_connections":[],"jetpack_featured_media_url":"https:\/\/laurbedigital.com.ar\/noticias\/wp-content\/uploads\/2020\/10\/20201015-tapia.jpg","_links":{"self":[{"href":"https:\/\/laurbedigital.com.ar\/noticias\/wp-json\/wp\/v2\/posts\/38034","targetHints":{"allow":["GET"]}}],"collection":[{"href":"https:\/\/laurbedigital.com.ar\/noticias\/wp-json\/wp\/v2\/posts"}],"about":[{"href":"https:\/\/laurbedigital.com.ar\/noticias\/wp-json\/wp\/v2\/types\/post"}],"author":[{"embeddable":true,"href":"https:\/\/laurbedigital.com.ar\/noticias\/wp-json\/wp\/v2\/users\/1"}],"replies":[{"embeddable":true,"href":"https:\/\/laurbedigital.com.ar\/noticias\/wp-json\/wp\/v2\/comments?post=38034"}],"version-history":[{"count":1,"href":"https:\/\/laurbedigital.com.ar\/noticias\/wp-json\/wp\/v2\/posts\/38034\/revisions"}],"predecessor-version":[{"id":38036,"href":"https:\/\/laurbedigital.com.ar\/noticias\/wp-json\/wp\/v2\/posts\/38034\/revisions\/38036"}],"wp:featuredmedia":[{"embeddable":true,"href":"https:\/\/laurbedigital.com.ar\/noticias\/wp-json\/wp\/v2\/media\/38035"}],"wp:attachment":[{"href":"https:\/\/laurbedigital.com.ar\/noticias\/wp-json\/wp\/v2\/media?parent=38034"}],"wp:term":[{"taxonomy":"category","embeddable":true,"href":"https:\/\/laurbedigital.com.ar\/noticias\/wp-json\/wp\/v2\/categories?post=38034"},{"taxonomy":"post_tag","embeddable":true,"href":"https:\/\/laurbedigital.com.ar\/noticias\/wp-json\/wp\/v2\/tags?post=38034"}],"curies":[{"name":"wp","href":"https:\/\/api.w.org\/{rel}","templated":true}]}}