{"id":37801,"date":"2020-10-12T14:55:01","date_gmt":"2020-10-12T17:55:01","guid":{"rendered":"https:\/\/laurbedigital.com.ar\/noticias\/?p=37801"},"modified":"2020-10-12T14:55:01","modified_gmt":"2020-10-12T17:55:01","slug":"larroque-dijo-que-552-familias-de-guernica-aceptaron-irse-del-predio-de-manera-pacifica","status":"publish","type":"post","link":"https:\/\/laurbedigital.com.ar\/noticias\/2020\/10\/12\/larroque-dijo-que-552-familias-de-guernica-aceptaron-irse-del-predio-de-manera-pacifica\/","title":{"rendered":"Larroque dijo que 552 familias de Guernica aceptaron irse del predio de manera pac\u00edfica"},"content":{"rendered":"<p>&nbsp;<\/p>\n<h5>Ante el plazo para el desalojo, que de no mediar nuevas postergaciones debe cumplirse el pr\u00f3ximo mi\u00e9rcoles, el ministro de Desarrollo de la Comunidad bonaerense explic\u00f3 que en la toma a\u00fan deben quedar \u201cunas 200 a 300 personas\u201d.<\/h5>\n<p>El ministro de Desarrollo de la Comunidad bonaerense, Andr\u00e9s Larroque, asegur\u00f3 este lunes que 552 familias ya aceptaron un acuerdo con el Gobierno provincial para abandonar de manera pac\u00edfica el predio que ocupaban en la localidad de Guernica, partido de Presidente Per\u00f3n, y reiter\u00f3 que <em>\u201cno hay margen para pedir nuevas pr\u00f3rrogas\u201d<\/em> para el desalojo del lugar.<\/p>\n<p>Ante el plazo para el desalojo, que de no mediar nuevas postergaciones debe cumplirse el pr\u00f3ximo mi\u00e9rcoles, Larroque explic\u00f3 que en la toma a\u00fan deben quedar <em>\u201cunas 200 a 300 personas\u201d.<\/em><\/p>\n<p>Al hablar con El Destape Radio, el funcionario indic\u00f3 que <em>\u201c552 familias ya aceptaron un acuerdo con el Ministerio\u00bb, y ya trabajan en \u00absoluciones habitacionales en sus viviendas de origen\u201d.<\/em><\/p>\n<p>Larroque manifest\u00f3 que se trata de<em> \u00abfamilias que por temas de hacinamiento vieron en la toma una posibilidad de descomprimir su situaci\u00f3n\u00bb.<\/em><\/p>\n<p>Al respecto, explic\u00f3 que para resolver esas situaciones est\u00e1n trabajando en <em>\u00abampliar sus viviendas a la espera del plan de lotes con servicios\u00bb<\/em> algo que asumi\u00f3 <em>\u00abllevar\u00e1 un tiempo\u201d.<\/em><\/p>\n<p>Asimismo, afirm\u00f3 que<em> \u201ca\u00fan quedan en el predio unas 200 a 300 personas que est\u00e1n vinculadas a sectores de izquierda\u00bb<\/em> y que <em>\u00abtienen un inter\u00e9s pol\u00edtico\u00bb,<\/em> o a <em>\u00abgrupos que tienen un inter\u00e9s econ\u00f3mico para comercializar los terrenos\u201d.<\/em><\/p>\n<p>Al hacer un racconto de la actuaci\u00f3n de su Ministerio frente a la toma, Larroque record\u00f3 que hicieron \u201cun censo el 18 y 19 de septiembre\u00bb como parte del plan que le propusieron al juez que consist\u00eda en <em>\u00abun relevamiento general y luego un registro m\u00e1s preciso de la situaci\u00f3n de cada familia\u201d.<\/em><\/p>\n<p><em>\u201cA este segundo punto -continu\u00f3- se opusieron los sectores de las organizaciones de izquierda y estos actores econ\u00f3micos que quieren vender los terrenos tomados\u201d.<\/em><\/p>\n<p>Larroque remarc\u00f3 que la oposici\u00f3n de estos grupos impidi\u00f3 que el personal del Ministerio pudiera volver a ingresar al terreno.<\/p>\n<p><em>\u201cNo pudimos ingresar m\u00e1s al predio y confirmar si efectivamente hab\u00eda 1.600 familias y 300 personas adultas\u201d,<\/em> subray\u00f3.<\/p>\n<p>El ministro bonaerense agreg\u00f3 que \u201cno hay margen para pedir nuevas pr\u00f3rrogas\u201d para el desalojo, que debe cumplirse el 14 de octubre, aunque remarc\u00f3 que hasta \u00faltimo momento estar\u00e1n en el lugar pese \u201ca los grupos de izquierda y quienes tienen intereses comerciales, que se empe\u00f1an en impedir el trabajo del Estado\u201d.<\/p>\n<p>Larroque expres\u00f3 que adem\u00e1s de las 552 familias que ya est\u00e1n asistiendo y que formaban parte de la toma, recibieron pedidos de asistencia de otras 500 familias que no hab\u00edan ingresado a ocupar el predio pero igual ten\u00edan necesidades habitacionales.<\/p>\n<p>Tambi\u00e9n destac\u00f3 que se gener\u00f3<em> \u201cun esquema de asistencia de 120 millones de pesos para el distrito, para contener a la gente de la toma y a los otros vecinos, que no est\u00e1n en la toma pero tambi\u00e9n tienen necesidades\u201d.<\/em><\/p>\n<p>&nbsp;<\/p>\n<p>&nbsp;<\/p>\n","protected":false},"excerpt":{"rendered":"<p>&nbsp; Ante el plazo para el desalojo, que de no mediar nuevas postergaciones debe cumplirse el pr\u00f3ximo mi\u00e9rcoles, el ministro<\/p>\n","protected":false},"author":1,"featured_media":37802,"comment_status":"closed","ping_status":"closed","sticky":false,"template":"","format":"standard","meta":{"kia_subtitle":"","footnotes":"","jetpack_publicize_message":"","jetpack_publicize_feature_enabled":true,"jetpack_social_post_already_shared":true,"jetpack_social_options":{"image_generator_settings":{"template":"highway","default_image_id":0,"font":"","enabled":false},"version":2}},"categories":[13,244],"tags":[],"class_list":["post-37801","post","type-post","status-publish","format-standard","has-post-thumbnail","hentry","category-region","category-presidente-peron"],"jetpack_publicize_connections":[],"jetpack_featured_media_url":"https:\/\/laurbedigital.com.ar\/noticias\/wp-content\/uploads\/2020\/10\/20201012-gernica-toma-larroque.jpg","_links":{"self":[{"href":"https:\/\/laurbedigital.com.ar\/noticias\/wp-json\/wp\/v2\/posts\/37801","targetHints":{"allow":["GET"]}}],"collection":[{"href":"https:\/\/laurbedigital.com.ar\/noticias\/wp-json\/wp\/v2\/posts"}],"about":[{"href":"https:\/\/laurbedigital.com.ar\/noticias\/wp-json\/wp\/v2\/types\/post"}],"author":[{"embeddable":true,"href":"https:\/\/laurbedigital.com.ar\/noticias\/wp-json\/wp\/v2\/users\/1"}],"replies":[{"embeddable":true,"href":"https:\/\/laurbedigital.com.ar\/noticias\/wp-json\/wp\/v2\/comments?post=37801"}],"version-history":[{"count":1,"href":"https:\/\/laurbedigital.com.ar\/noticias\/wp-json\/wp\/v2\/posts\/37801\/revisions"}],"predecessor-version":[{"id":37803,"href":"https:\/\/laurbedigital.com.ar\/noticias\/wp-json\/wp\/v2\/posts\/37801\/revisions\/37803"}],"wp:featuredmedia":[{"embeddable":true,"href":"https:\/\/laurbedigital.com.ar\/noticias\/wp-json\/wp\/v2\/media\/37802"}],"wp:attachment":[{"href":"https:\/\/laurbedigital.com.ar\/noticias\/wp-json\/wp\/v2\/media?parent=37801"}],"wp:term":[{"taxonomy":"category","embeddable":true,"href":"https:\/\/laurbedigital.com.ar\/noticias\/wp-json\/wp\/v2\/categories?post=37801"},{"taxonomy":"post_tag","embeddable":true,"href":"https:\/\/laurbedigital.com.ar\/noticias\/wp-json\/wp\/v2\/tags?post=37801"}],"curies":[{"name":"wp","href":"https:\/\/api.w.org\/{rel}","templated":true}]}}