{"id":378,"date":"2016-01-17T13:55:22","date_gmt":"2016-01-17T13:55:22","guid":{"rendered":"http:\/\/laurbedigital.com.ar\/noticias\/?p=378"},"modified":"2016-01-17T13:55:22","modified_gmt":"2016-01-17T13:55:22","slug":"la-cgt-de-moyano-critico-con-dureza-la-politica-economica-del-macrismo","status":"publish","type":"post","link":"https:\/\/laurbedigital.com.ar\/noticias\/2016\/01\/17\/la-cgt-de-moyano-critico-con-dureza-la-politica-economica-del-macrismo\/","title":{"rendered":"La CGT de Moyano critic\u00f3 con dureza la pol\u00edtica econ\u00f3mica del macrismo"},"content":{"rendered":"<p>Las medidas impopulares del ministro de Hacienda y Finanzas, Alfonso Prat-Gay, y la ausencia de la llamada al di\u00e1logo social, provocaron la respuesta del moyanismo.<\/p>\n<p>Public\u00f3 un documento muy cr\u00edtico sobre la pol\u00edtica econ\u00f3mica del primer mes de Mauricio Macri. Las medidas econ\u00f3micas que implican un ajuste de salarios y empleos para los trabajadores generaron resquemor en los gremios, tanto del lado del moyanismo como de la CGT de Antonio Cal\u00f3, aliada con el gobierno kirchnerista. Luego de varias reuniones, ambos grupos han acercado posiciones, uni\u00e9ndose en la cr\u00edtica al ministro de Hacienda y Finanzas, Alfonso Prat Gay.<\/p>\n<p>\u00abParece que en el di\u00e1logo social, el macrismo tiene s\u00f3lo o\u00eddo para los terratenientes y los sectores concentrados\u00bb, se quejan los sindicalistas. Este es el contenido del informe presentado por la CGT en conjunto con el Observatorio Econ\u00f3mico y Social, firmado por Moyano, a quien el presidente le neg\u00f3 una reuni\u00f3n para avanzar con los problemas sindicales. En el mismo, los trabajadores sostienen que est\u00e1n de acuerdo en avanzar hacia el pacto social, pero \u00abde las propias declaraciones y actitudes del gobierno, surge con claridad que se trata de uno de caracter\u00edsticas muy distintas al que nos hicimos la idea\u00bb, que era la que se mantuvo durante las presidencias de Juan Domingo Per\u00f3n.<\/p>\n<p>\u00abEl Estado arbitraba, no se desentend\u00eda de esa funci\u00f3n b\u00e1sica, y al arbitrar en los conflictos, su Norte era el inter\u00e9s de la clase trabajadora y, en especial, de los sectores m\u00e1s humildes\u00bb, record\u00f3 Hugo Moyano, y lo contrast\u00f3 con el di\u00e1logo propuesto por Prat-Gay: \u00abNo se dejaban las soluciones libradas al mercado o a promesas de derrame de la riqueza, sino que la pol\u00edtica giraba alrededor de una expresi\u00f3n que ya dej\u00f3 de ser patrimonio exclusivo peronista: la Justicia Social.\u00bb<\/p>\n<p>Lejos parecen aquellos tiempos, a tan solo semanas de las primarias, en los que el actual presidente, Mauricio Macri, inaugur\u00f3 un monumento a Per\u00f3n en la Ciudad de Buenos Aires, junto a Moyano, Ger\u00f3nimo, \u00abel Momo\u00bb Venegas (titular de la Uni\u00f3n de Argentina de Trabajadores Rurales y Estibadores, UATRE) y Eduardo Duhalde.<\/p>\n<p>Un mes de macrismo expl\u00edcito fue suficiente para derribar la menor sospecha de que su programa econ\u00f3mico se acercar\u00eda a los gremios y al peronismo.<\/p>\n<p>\u00abEn los escasos 30 d\u00edas de ejercer el poder, vimos que los problemas del sector agr\u00edcola-ganadero y, por extensi\u00f3n, de la agroindustria encontraron respuesta casi inmediata, al igual que los sectores industriales independientes del complejo rural. Simult\u00e1neamente, una devaluaci\u00f3n violenta produjo una transferencia de recursos causando un deterioro may\u00fasculo en los ingresos de los trabajadores\u00bb, sostuvo el documento firmado por Hugo Moyano.<\/p>\n<p>Pero las noticias malas para los trabajadores no terminan en el pasado, sino que los propios autores de la pol\u00edtica econ\u00f3mica ya han anunciado nuevas medidas dolorosas: \u00abFuertes ajustes en las tarifas de servicios p\u00fablicos, a pesar de que los cortes de energ\u00eda son una constante; cancelaci\u00f3n de contratos laborales\u2026 en una palabra, el Estado ajusta, transfiere ingentes recursos al agro y la industria, deval\u00faa y favorece el descontrol de precios, y a los trabajadores ni siquiera se nos convoca para conocer nuestra opini\u00f3n\u00bb, se\u00f1al\u00f3 la CGT Azopardo.<\/p>\n<p>Los deseos pueden tener resultados peligrosos, si estos se cumplen. Mientras que la promesa de Macri era un cambio en abstracto, los cambios concretos en la pol\u00edtica econ\u00f3mica han ajustado al bolsillo de los trabajadores. El gobierno, adem\u00e1s, \u00abno se priva de decirnos que seamos \u2018cuidadosos\u2018 con nuestras demandas salariales porque peligra el empleo y que las mejoras tienen que estar sujetas a la productividad mientras que el ausentismo es uno de los principales males del proceso productivo\u00bb, se\u00f1ala el documento publicado.<\/p>\n<p>La CGT Azopardo concluy\u00f3 el documento sosteniendo que \u00aben que no hagamos unidad, ellos basan sus planes de triunfo, que no ser\u00eda m\u00e1s que nuestra triste y estrepitosa derrota.\u00bb<\/p>\n<p>La CGT de Cal\u00f3 se mostr\u00f3 favorable al documento presentado por Moyano. Osvaldo Iadarola, secretario general de la Federaci\u00f3n de Obreros y Empleados Telef\u00f3nicos de la Rep\u00fablica Argentina (FOETRA), cercano al metal\u00fargico, opin\u00f3 que \u00abcoincidimos en el diagn\u00f3stico de lo que est\u00e1 pasando. Hay un plan de ajuste que tiene un costo social muy importante para las clases populares muy elevado\u00bb, aunque record\u00f3 que \u00aba los que pertenecemos a la CGT de Cal\u00f3 no nos sorprende para nada lo que hace el presidente Macri\u00bb.<\/p>\n<p>En este sentido, remarc\u00f3 como objetivos de lucha de los trabajadores las banderas de \u00abparitarias libres y ning\u00fan despido en este a\u00f1o\u00bb, para no comenzar a negociar las paritarias en desventaja. Tambi\u00e9n reconoci\u00f3 en lo personal que \u00abel gobierno de Cristina ten\u00eda grandes virtudes, y sin duda algunos errores para corregir, pero Macri tiene que gobernar para el futuro, no para el pasado, y su plan es de ajuste.\u00bb<\/p>\n<p>El referente de los trabajadores telef\u00f3nicos dijo que para \u00e9l \u00abel ajuste va a ir llevando a la CGT por el camino de la unidad, pero no hay que juntarse por el espanto, sino por un programa econ\u00f3mico de los trabajadores\u00bb.<\/p>\n<p>Por el lado del moyanismo, el titular del sindicato del Seguro y del Observatorio Econ\u00f3mico y Social, Jorge Sol\u00e1, opin\u00f3 que \u00ablos 4 o 5 puntos program\u00e1ticos est\u00e1n y son iguales para las dos CGT, AUH universal, eliminar Ganancias para un mill\u00f3n de personas, paritarias libres, devoluci\u00f3n de los fondos de las obras sociales y empleo en blanco, lo que falta es sentarse, nom\u00e1s\u00bb.<\/p>\n<p>En el mismo sentido, consider\u00f3 que \u00aben las \u00faltimas reuniones de las CGT hubo muchas coincidencias, y lo que falta es que a todos esos encuentros se les vayan sumando m\u00e1s gremios. Creo que la unidad es factible en el mediano plazo\u00bb.<\/p>\n<p>Sol\u00e1 coincidi\u00f3 con Iadarola en la cr\u00edtica al gobierno macrista: \u00abSe nota que Prat Gay no discuti\u00f3 paritarias en su vida. El empleo va siempre de la mano del salario. Lo que dijo (de elegir entre salario y empleo) es una velada amenaza, como cuando nos proponen aumentos de entre el 20% y el 25% y no hay Indec hasta septiembre, cuando nosotros tenemos que pedir por lo menos un 30 por ciento.\u00bb<\/p>\n<p>Sol\u00e1 aprovech\u00f3 para criticar tambi\u00e9n al \u00absector de la tierra y el capital, al que le han dedicado las primeras medidas\u00bb. Seg\u00fan el gremialista, \u00ablos precios nunca se retrotrajeron. No van a poder convencer a los empresarios, que son los que generan la inflaci\u00f3n, de que vuelvan los precios atr\u00e1s. Nosotros tenemos que defender nuestro salario\u00bb.<\/p>\n","protected":false},"excerpt":{"rendered":"<p>Las medidas impopulares del ministro de Hacienda y Finanzas, Alfonso Prat-Gay, y la ausencia de la llamada al di\u00e1logo social,<\/p>\n","protected":false},"author":1,"featured_media":381,"comment_status":"closed","ping_status":"closed","sticky":false,"template":"","format":"standard","meta":{"kia_subtitle":"","footnotes":"","jetpack_publicize_message":"","jetpack_publicize_feature_enabled":true,"jetpack_social_post_already_shared":false,"jetpack_social_options":{"image_generator_settings":{"template":"highway","default_image_id":0,"font":"","enabled":false},"version":2}},"categories":[3,39],"tags":[],"class_list":["post-378","post","type-post","status-publish","format-standard","has-post-thumbnail","hentry","category-actualidad","category-gremios"],"jetpack_publicize_connections":[],"jetpack_featured_media_url":"https:\/\/laurbedigital.com.ar\/noticias\/wp-content\/uploads\/2016\/01\/20160117-moya.jpg","_links":{"self":[{"href":"https:\/\/laurbedigital.com.ar\/noticias\/wp-json\/wp\/v2\/posts\/378","targetHints":{"allow":["GET"]}}],"collection":[{"href":"https:\/\/laurbedigital.com.ar\/noticias\/wp-json\/wp\/v2\/posts"}],"about":[{"href":"https:\/\/laurbedigital.com.ar\/noticias\/wp-json\/wp\/v2\/types\/post"}],"author":[{"embeddable":true,"href":"https:\/\/laurbedigital.com.ar\/noticias\/wp-json\/wp\/v2\/users\/1"}],"replies":[{"embeddable":true,"href":"https:\/\/laurbedigital.com.ar\/noticias\/wp-json\/wp\/v2\/comments?post=378"}],"version-history":[{"count":1,"href":"https:\/\/laurbedigital.com.ar\/noticias\/wp-json\/wp\/v2\/posts\/378\/revisions"}],"predecessor-version":[{"id":384,"href":"https:\/\/laurbedigital.com.ar\/noticias\/wp-json\/wp\/v2\/posts\/378\/revisions\/384"}],"wp:featuredmedia":[{"embeddable":true,"href":"https:\/\/laurbedigital.com.ar\/noticias\/wp-json\/wp\/v2\/media\/381"}],"wp:attachment":[{"href":"https:\/\/laurbedigital.com.ar\/noticias\/wp-json\/wp\/v2\/media?parent=378"}],"wp:term":[{"taxonomy":"category","embeddable":true,"href":"https:\/\/laurbedigital.com.ar\/noticias\/wp-json\/wp\/v2\/categories?post=378"},{"taxonomy":"post_tag","embeddable":true,"href":"https:\/\/laurbedigital.com.ar\/noticias\/wp-json\/wp\/v2\/tags?post=378"}],"curies":[{"name":"wp","href":"https:\/\/api.w.org\/{rel}","templated":true}]}}