{"id":37550,"date":"2020-10-09T13:13:31","date_gmt":"2020-10-09T16:13:31","guid":{"rendered":"https:\/\/laurbedigital.com.ar\/noticias\/?p=37550"},"modified":"2020-10-09T13:13:31","modified_gmt":"2020-10-09T16:13:31","slug":"abuelas-de-plaza-de-mayo-lanza-una-nueva-edicion-del-concurso-twitterelatos-por-la-identidad","status":"publish","type":"post","link":"https:\/\/laurbedigital.com.ar\/noticias\/2020\/10\/09\/abuelas-de-plaza-de-mayo-lanza-una-nueva-edicion-del-concurso-twitterelatos-por-la-identidad\/","title":{"rendered":"Abuelas de Plaza de Mayo lanza una nueva edici\u00f3n del concurso \u00abTwitteRelatos por la Identidad\u00bb"},"content":{"rendered":"<p>&nbsp;<\/p>\n<h5>Abuelas de Plaza de Mayo realizar\u00e1 el pr\u00f3ximo martes de 0 a 24 la s\u00e9ptima edici\u00f3n del concurso \u00abTwitteRelatos por la Identidad\u00bb, en el que convocan a los usuarios de Twitter a participar publicando un microcuento sobre identidad referido a la apropiaci\u00f3n de beb\u00e9s y ni\u00f1os durante el terrorismo de Estado, y que este este a\u00f1o tendr\u00e1 un jurado integrado por los escritores Gabriela Cabez\u00f3n C\u00e1mara, Leonardo Oyola y Juli\u00e1n L\u00f3pez.<\/h5>\n<p>El tuit debe incluir el hashtag #Identidad, que puede o no formar parte del relato, y luego el jurado seleccionar\u00e1 aquellos que ser\u00e1n ilustrados por artistas como como Isol o Pablo Bernasconi para constituir una nueva muestra gr\u00e1fica itinerante que colabore en la difusi\u00f3n de la b\u00fasqueda de los m\u00e1s de 300 nietos y nietas que faltan, en la Argentina y el mundo.<\/p>\n<p>Seg\u00fan informaron mediante un comunicado de prensa, este a\u00f1o las ilustraciones estar\u00e1n a cargo de artistas como Isol, Viviana Bilotti, Mar\u00eda Wernicke, Daniel Rold\u00e1n, Poly Bernatene, Juan Pablo Zaramella, Rosario Oliva, Mat\u00edas Trillo, Mariana Pereyra (\u201cPup\u00e9\u201d) y Carolina Far\u00edas.<\/p>\n<p>El resultado se conocer\u00e1 el lunes 26 de octubre y los relatos ser\u00e1n difundidos en las cuentas de Twitter e Instagram de Abuelas (@abuelasdifusion), en la p\u00e1gina de Facebook (Abuelas de Plaza de Mayo &#8211; Sitio Oficial), en el sitio <a href=\"http:\/\/abuelas.org.ar\" target=\"_blank\" rel=\"noopener\">abuelas.org.ar<\/a> y en el mensuario institucional.<\/p>\n<p>&nbsp;<\/p>\n<p>&nbsp;<\/p>\n","protected":false},"excerpt":{"rendered":"<p>&nbsp; Abuelas de Plaza de Mayo realizar\u00e1 el pr\u00f3ximo martes de 0 a 24 la s\u00e9ptima edici\u00f3n del concurso \u00abTwitteRelatos<\/p>\n","protected":false},"author":1,"featured_media":37551,"comment_status":"closed","ping_status":"closed","sticky":false,"template":"","format":"standard","meta":{"kia_subtitle":"","footnotes":"","jetpack_publicize_message":"","jetpack_publicize_feature_enabled":true,"jetpack_social_post_already_shared":true,"jetpack_social_options":{"image_generator_settings":{"template":"highway","default_image_id":0,"font":"","enabled":false},"version":2}},"categories":[5],"tags":[],"class_list":["post-37550","post","type-post","status-publish","format-standard","has-post-thumbnail","hentry","category-cultura"],"jetpack_publicize_connections":[],"jetpack_featured_media_url":"https:\/\/laurbedigital.com.ar\/noticias\/wp-content\/uploads\/2020\/10\/20201009-abuelas.jpg","_links":{"self":[{"href":"https:\/\/laurbedigital.com.ar\/noticias\/wp-json\/wp\/v2\/posts\/37550","targetHints":{"allow":["GET"]}}],"collection":[{"href":"https:\/\/laurbedigital.com.ar\/noticias\/wp-json\/wp\/v2\/posts"}],"about":[{"href":"https:\/\/laurbedigital.com.ar\/noticias\/wp-json\/wp\/v2\/types\/post"}],"author":[{"embeddable":true,"href":"https:\/\/laurbedigital.com.ar\/noticias\/wp-json\/wp\/v2\/users\/1"}],"replies":[{"embeddable":true,"href":"https:\/\/laurbedigital.com.ar\/noticias\/wp-json\/wp\/v2\/comments?post=37550"}],"version-history":[{"count":1,"href":"https:\/\/laurbedigital.com.ar\/noticias\/wp-json\/wp\/v2\/posts\/37550\/revisions"}],"predecessor-version":[{"id":37552,"href":"https:\/\/laurbedigital.com.ar\/noticias\/wp-json\/wp\/v2\/posts\/37550\/revisions\/37552"}],"wp:featuredmedia":[{"embeddable":true,"href":"https:\/\/laurbedigital.com.ar\/noticias\/wp-json\/wp\/v2\/media\/37551"}],"wp:attachment":[{"href":"https:\/\/laurbedigital.com.ar\/noticias\/wp-json\/wp\/v2\/media?parent=37550"}],"wp:term":[{"taxonomy":"category","embeddable":true,"href":"https:\/\/laurbedigital.com.ar\/noticias\/wp-json\/wp\/v2\/categories?post=37550"},{"taxonomy":"post_tag","embeddable":true,"href":"https:\/\/laurbedigital.com.ar\/noticias\/wp-json\/wp\/v2\/tags?post=37550"}],"curies":[{"name":"wp","href":"https:\/\/api.w.org\/{rel}","templated":true}]}}