{"id":37535,"date":"2020-10-09T12:22:12","date_gmt":"2020-10-09T15:22:12","guid":{"rendered":"https:\/\/laurbedigital.com.ar\/noticias\/?p=37535"},"modified":"2020-10-09T12:22:12","modified_gmt":"2020-10-09T15:22:12","slug":"cascallares-encabezo-la-primera-jornada-virtual-de-enfermeria-de-alte-brown","status":"publish","type":"post","link":"https:\/\/laurbedigital.com.ar\/noticias\/2020\/10\/09\/cascallares-encabezo-la-primera-jornada-virtual-de-enfermeria-de-alte-brown\/","title":{"rendered":"Cascallares encabez\u00f3 la primera jornada virtual de enfermer\u00eda de Alte. Brown"},"content":{"rendered":"<p>&nbsp;<\/p>\n<h5><span style=\"font-weight: 400;\">El intendente Mariano Cascallares particip\u00f3 de la primera jornada de enfermer\u00eda que se desarroll\u00f3 en Almirante Brown a trav\u00e9s de la modalidad virtual.<\/span><\/h5>\n<p><span style=\"font-weight: 400;\">Fueron alrededor de 180 las personas las que formaron parte del encuentro virtual, entre ellos, la coordinadora de Formaci\u00f3n de Recursos Humanos en Enfermer\u00eda del Ministerio de Salud bonaerense, Marcela Rojas; el secretario de Salud local, Walter G\u00f3mez, el rector de la Universidad Nacional Guillermo Brown (UNAB), Pablo Domenichini, el vicerrector de dicha Casa de Estudios, Facundo Nejamkis, adem\u00e1s de\u00a0 representantes del \u00e1rea de enfermer\u00eda de diferentes instituciones sanitarias del distrito.<\/p>\n<p><img loading=\"lazy\" decoding=\"async\" class=\"alignnone size-full wp-image-37537\" src=\"https:\/\/laurbedigital.com.ar\/noticias\/wp-content\/uploads\/2020\/10\/20201009-cascallares-1.jpg\" alt=\"\" width=\"800\" height=\"446\" title=\"\" srcset=\"https:\/\/laurbedigital.com.ar\/noticias\/wp-content\/uploads\/2020\/10\/20201009-cascallares-1.jpg 800w, https:\/\/laurbedigital.com.ar\/noticias\/wp-content\/uploads\/2020\/10\/20201009-cascallares-1-300x167.jpg 300w, https:\/\/laurbedigital.com.ar\/noticias\/wp-content\/uploads\/2020\/10\/20201009-cascallares-1-768x428.jpg 768w\" sizes=\"auto, (max-width: 800px) 100vw, 800px\" \/><br \/>\n<\/span><\/p>\n<p><span style=\"font-weight: 400;\">El objetivo central de la jornada fue promover y articular el trabajo del sector de enfermer\u00eda en todo el territorio browniano, tanto en el \u00e1mbito p\u00fablico como el privado. Adem\u00e1s se abordaron las pol\u00edticas p\u00fablicas que se implementaron en los distintos niveles sanitarios ante la pandemia de Covid 19. Tambi\u00e9n se plantearon los desaf\u00edos en la formaci\u00f3n de enfermeras y enfermeros, quienes estuvieron en la primera l\u00ednea frente a la coyuntura actual.<\/span><\/p>\n<p><span style=\"font-weight: 400;\">Adem\u00e1s durante el encuentro no solo se reconoci\u00f3 la enorme tarea de las mujeres y hombres que tienen una vocaci\u00f3n tan noble como la enfermer\u00eda, sino que se anunci\u00f3 que se est\u00e1 gestionando la apertura de la licenciatura en dicha pr\u00e1ctica en la Universidad de Almirante Brown de cara al a\u00f1o 2022.<\/span><\/p>\n<p><img loading=\"lazy\" decoding=\"async\" class=\"alignnone size-full wp-image-37539\" src=\"https:\/\/laurbedigital.com.ar\/noticias\/wp-content\/uploads\/2020\/10\/20201009-cascallares-3.jpg\" alt=\"\" width=\"800\" height=\"446\" title=\"\" srcset=\"https:\/\/laurbedigital.com.ar\/noticias\/wp-content\/uploads\/2020\/10\/20201009-cascallares-3.jpg 800w, https:\/\/laurbedigital.com.ar\/noticias\/wp-content\/uploads\/2020\/10\/20201009-cascallares-3-300x167.jpg 300w, https:\/\/laurbedigital.com.ar\/noticias\/wp-content\/uploads\/2020\/10\/20201009-cascallares-3-768x428.jpg 768w\" sizes=\"auto, (max-width: 800px) 100vw, 800px\" \/><\/p>\n<p><span style=\"font-weight: 400;\">En este sentido, el intendente celebr\u00f3 la decisi\u00f3n de la UNAB de impulsar el proyecto de apertura de la nueva titulaci\u00f3n en enfermer\u00eda. <strong><em>\u201cSabemos que es muy importante poder contar con una sede para la cursar la carrera, es una noticia que nos llena de alegr\u00eda y nos da una proyecci\u00f3n diferente\u201d,<\/em> <\/strong>sostuvo Cascallares.<\/span><\/p>\n<p><span style=\"font-weight: 400;\">Asimismo, agradeci\u00f3 a todos los trabajadores y voluntarios, particularmente de la salud, por el compromiso y tarea cotidiana frente a la pandemia de coronavirus. <strong><em>\u201cEsta pandemia nos puso a prueba, gener\u00f3 muchos desaf\u00edos, si bien habr\u00e1 cosas que corregir sin duda el trabajo que se realiz\u00f3 desde el gobierno nacional, provincial y local, adem\u00e1s del sector privado es un trabajo ejemplar, donde hay mucha solidaridad\u201d,<\/em> <\/strong>concluy\u00f3 el jefe comunal.<\/span><\/p>\n<p><img loading=\"lazy\" decoding=\"async\" class=\"alignnone size-full wp-image-37538\" src=\"https:\/\/laurbedigital.com.ar\/noticias\/wp-content\/uploads\/2020\/10\/20201009-cascallares-2.jpg\" alt=\"\" width=\"800\" height=\"446\" title=\"\" srcset=\"https:\/\/laurbedigital.com.ar\/noticias\/wp-content\/uploads\/2020\/10\/20201009-cascallares-2.jpg 800w, https:\/\/laurbedigital.com.ar\/noticias\/wp-content\/uploads\/2020\/10\/20201009-cascallares-2-300x167.jpg 300w, https:\/\/laurbedigital.com.ar\/noticias\/wp-content\/uploads\/2020\/10\/20201009-cascallares-2-768x428.jpg 768w\" sizes=\"auto, (max-width: 800px) 100vw, 800px\" \/><\/p>\n<p><span style=\"font-weight: 400;\">Cabe se\u00f1alar, que seg\u00fan anticip\u00f3 Domenichini, la Universidad de Almirante Brown tiene proyectado crecer en otras carreras y espacios vinculados a la salud.\u00a0<\/span><\/p>\n<p><span style=\"font-weight: 400;\">Participaron tambi\u00e9n de la jornada; la titular de la Asociaci\u00f3n de Escuelas Universitarias de Enfermer\u00eda de la Rep\u00fablica Argentina (AEUERA), Lic. Karina Esp\u00edndola; el coordinador de la carrera de Acompa\u00f1ante Terap\u00e9utico de la UNAB, Lic. Eduardo Urue\u00f1a, adem\u00e1s de representantes del ISFDyT Nro.53 de Glew, de los hospitales provinciales Arturo O\u00f1ativia y Lucio Mel\u00e9ndez, regi\u00f3n sanitaria VI, entre otros.<\/span><\/p>\n<p><span style=\"font-weight: 400;\">Vale destacar el servicio de telemedicina del Ministerio de Salud de la Naci\u00f3n a trav\u00e9s de la cual se pueden llevar adelante este tipo de jornadas.<\/span><\/p>\n<p>&nbsp;<\/p>\n<p>&nbsp;<\/p>\n","protected":false},"excerpt":{"rendered":"<p>&nbsp; El intendente Mariano Cascallares particip\u00f3 de la primera jornada de enfermer\u00eda que se desarroll\u00f3 en Almirante Brown a trav\u00e9s<\/p>\n","protected":false},"author":1,"featured_media":37536,"comment_status":"closed","ping_status":"closed","sticky":false,"template":"","format":"standard","meta":{"kia_subtitle":"","footnotes":"","jetpack_publicize_message":"","jetpack_publicize_feature_enabled":true,"jetpack_social_post_already_shared":true,"jetpack_social_options":{"image_generator_settings":{"template":"highway","default_image_id":0,"font":"","enabled":false},"version":2}},"categories":[2,33],"tags":[],"class_list":["post-37535","post","type-post","status-publish","format-standard","has-post-thumbnail","hentry","category-alte-brown","category-alte-brown-alte-brown"],"jetpack_publicize_connections":[],"jetpack_featured_media_url":"https:\/\/laurbedigital.com.ar\/noticias\/wp-content\/uploads\/2020\/10\/20201009-cascallares.jpg","_links":{"self":[{"href":"https:\/\/laurbedigital.com.ar\/noticias\/wp-json\/wp\/v2\/posts\/37535","targetHints":{"allow":["GET"]}}],"collection":[{"href":"https:\/\/laurbedigital.com.ar\/noticias\/wp-json\/wp\/v2\/posts"}],"about":[{"href":"https:\/\/laurbedigital.com.ar\/noticias\/wp-json\/wp\/v2\/types\/post"}],"author":[{"embeddable":true,"href":"https:\/\/laurbedigital.com.ar\/noticias\/wp-json\/wp\/v2\/users\/1"}],"replies":[{"embeddable":true,"href":"https:\/\/laurbedigital.com.ar\/noticias\/wp-json\/wp\/v2\/comments?post=37535"}],"version-history":[{"count":1,"href":"https:\/\/laurbedigital.com.ar\/noticias\/wp-json\/wp\/v2\/posts\/37535\/revisions"}],"predecessor-version":[{"id":37540,"href":"https:\/\/laurbedigital.com.ar\/noticias\/wp-json\/wp\/v2\/posts\/37535\/revisions\/37540"}],"wp:featuredmedia":[{"embeddable":true,"href":"https:\/\/laurbedigital.com.ar\/noticias\/wp-json\/wp\/v2\/media\/37536"}],"wp:attachment":[{"href":"https:\/\/laurbedigital.com.ar\/noticias\/wp-json\/wp\/v2\/media?parent=37535"}],"wp:term":[{"taxonomy":"category","embeddable":true,"href":"https:\/\/laurbedigital.com.ar\/noticias\/wp-json\/wp\/v2\/categories?post=37535"},{"taxonomy":"post_tag","embeddable":true,"href":"https:\/\/laurbedigital.com.ar\/noticias\/wp-json\/wp\/v2\/tags?post=37535"}],"curies":[{"name":"wp","href":"https:\/\/api.w.org\/{rel}","templated":true}]}}