{"id":37466,"date":"2020-10-08T16:25:28","date_gmt":"2020-10-08T19:25:28","guid":{"rendered":"https:\/\/laurbedigital.com.ar\/noticias\/?p=37466"},"modified":"2020-10-08T16:25:28","modified_gmt":"2020-10-08T19:25:28","slug":"estela-de-carlotto-lamento-la-proliferacion-de-discursos-de-odio","status":"publish","type":"post","link":"https:\/\/laurbedigital.com.ar\/noticias\/2020\/10\/08\/estela-de-carlotto-lamento-la-proliferacion-de-discursos-de-odio\/","title":{"rendered":"Estela de Carlotto lament\u00f3 la proliferaci\u00f3n de discursos de \u00abodio\u00bb"},"content":{"rendered":"<p>&nbsp;<\/p>\n<h5>La titular de Abuelas de Plaza de Mayo elogi\u00f3 tambi\u00e9n al presidente Alberto Fern\u00e1ndez, critic\u00f3 la utilizaci\u00f3n de la Bandera Argentina en las marchas anticuarentena y se refiri\u00f3 a referentes de la oposici\u00f3n como Patricia Bullrich.<\/h5>\n<div class=\"wrapper-editable-content\">\n<div class=\"editable-content clearfix\">La titular de Abuelas de Plaza de Mayo, Estela de Carlotto, lament\u00f3 hoy la proliferaci\u00f3n de \u00abdiscursos de odio\u00bb en el pa\u00eds y las convocatorias a manifestaciones donde los que protestan \u00abvan con las banderas como si la Patria fuera un pedazo de tela, ensuci\u00e1ndola\u00bb.<\/p>\n<p>Al mismo tiempo analiz\u00f3 que es \u00ablamentable\u00bb la actuaci\u00f3n de dirigentes de la oposici\u00f3n como Patricia Bullrich, que <em>\u00aben su af\u00e1n de golpear, creo que est\u00e1n cometiendo un delito\u00bb.<\/em><\/p>\n<p>Carlotto confi\u00f3 en una entrevista con FM Futurorock que esta semana \u00abpor equivocaci\u00f3n\u00bb llam\u00f3 al presidente\u00a0<strong>Alberto Fern\u00e1ndez<\/strong>\u00a0y aprovech\u00f3 para transmitirle que\u00a0<em><strong>\u00abest\u00e1 haciendo las cosas bien\u00bb<\/strong>,<\/em> tras lo cual pidi\u00f3\u00a0<strong>que la oposici\u00f3n <em>\u00abayude un poquito y no haga trampas\u00bb.<\/em><\/strong><\/p>\n<p><em>\u00abEl grupo malo, digo yo, ese que quiere perturbar la democracia, confunde mucho y a mucha gente en esas marchas contra la pandemia. Ah\u00ed vemos disparates absolutos, personas mayores que repiten cualquier cosa con el af\u00e1n de oponerse al Gobierno\u00bb,<\/em> dijo.<\/p>\n<p>La dirigente destac\u00f3 que, por un lado, <em>\u00abhemos visto como golpeaban a enfermeras y no pas\u00f3 nada\u00bb, en relaci\u00f3n a la represi\u00f3n policial desatada en la Legislatura porte\u00f1a la semana pasada; mientras que \u00abpor otra parte hay un sector que insta a que la gente vaya a las manifestaciones, envueltos en banderas, como si la Patria fuera un pedazo de tela\u00bb.<\/em><\/p>\n<p>Para Carlotto en las marchas opositoras a\u00a0<strong>la bandera<em> \u00abvan ensuci\u00e1ndola, diciendo groser\u00edas\u00bb<\/em><\/strong><em>\u00a0y puntualiz\u00f3 que ese accionar\u00bb y esas \u00abmaldades est\u00e1n fomentadas\u00bb.<\/em><\/p>\n<p><em>\u00abTienen desde arriba personas como Bullrich&#8230; que es tan lamentable que esta mujer se constituya en una enemiga de la Patria en su af\u00e1n de golpear, que llega un momento en que se me ocurre que hay un delito en lo que est\u00e1n haciendo. Esto de desestabilizar la democracia, fomentar a la violencia\u00bb,<\/em> ejemplific\u00f3.<\/p>\n<p>Finalmente Carlotto record\u00f3 que <em>\u00abtodo eso es malo\u00bb<\/em> por lo que pidi\u00f3\u00a0<strong>respetar <em>\u00aba los que gobiernan<\/em><\/strong><em>, que han sido elegidos y tambi\u00e9n asumir los que perdieron (las elecciones) y entender que deben resignarse\u00bb.<\/em><\/div>\n<\/div>\n<div>\n<\/div>\n<div><\/div>\n<p>&nbsp;<\/p>\n","protected":false},"excerpt":{"rendered":"<p>&nbsp; La titular de Abuelas de Plaza de Mayo elogi\u00f3 tambi\u00e9n al presidente Alberto Fern\u00e1ndez, critic\u00f3 la utilizaci\u00f3n de la<\/p>\n","protected":false},"author":1,"featured_media":37467,"comment_status":"closed","ping_status":"closed","sticky":false,"template":"","format":"standard","meta":{"kia_subtitle":"","footnotes":"","jetpack_publicize_message":"","jetpack_publicize_feature_enabled":true,"jetpack_social_post_already_shared":true,"jetpack_social_options":{"image_generator_settings":{"template":"highway","default_image_id":0,"font":"","enabled":false},"version":2}},"categories":[3,61],"tags":[],"class_list":["post-37466","post","type-post","status-publish","format-standard","has-post-thumbnail","hentry","category-actualidad","category-ddhh"],"jetpack_publicize_connections":[],"jetpack_featured_media_url":"https:\/\/laurbedigital.com.ar\/noticias\/wp-content\/uploads\/2020\/10\/20201008-estela-de-carlotto.jpg","_links":{"self":[{"href":"https:\/\/laurbedigital.com.ar\/noticias\/wp-json\/wp\/v2\/posts\/37466","targetHints":{"allow":["GET"]}}],"collection":[{"href":"https:\/\/laurbedigital.com.ar\/noticias\/wp-json\/wp\/v2\/posts"}],"about":[{"href":"https:\/\/laurbedigital.com.ar\/noticias\/wp-json\/wp\/v2\/types\/post"}],"author":[{"embeddable":true,"href":"https:\/\/laurbedigital.com.ar\/noticias\/wp-json\/wp\/v2\/users\/1"}],"replies":[{"embeddable":true,"href":"https:\/\/laurbedigital.com.ar\/noticias\/wp-json\/wp\/v2\/comments?post=37466"}],"version-history":[{"count":1,"href":"https:\/\/laurbedigital.com.ar\/noticias\/wp-json\/wp\/v2\/posts\/37466\/revisions"}],"predecessor-version":[{"id":37468,"href":"https:\/\/laurbedigital.com.ar\/noticias\/wp-json\/wp\/v2\/posts\/37466\/revisions\/37468"}],"wp:featuredmedia":[{"embeddable":true,"href":"https:\/\/laurbedigital.com.ar\/noticias\/wp-json\/wp\/v2\/media\/37467"}],"wp:attachment":[{"href":"https:\/\/laurbedigital.com.ar\/noticias\/wp-json\/wp\/v2\/media?parent=37466"}],"wp:term":[{"taxonomy":"category","embeddable":true,"href":"https:\/\/laurbedigital.com.ar\/noticias\/wp-json\/wp\/v2\/categories?post=37466"},{"taxonomy":"post_tag","embeddable":true,"href":"https:\/\/laurbedigital.com.ar\/noticias\/wp-json\/wp\/v2\/tags?post=37466"}],"curies":[{"name":"wp","href":"https:\/\/api.w.org\/{rel}","templated":true}]}}